{"id":2670,"date":"2026-09-01T19:57:48","date_gmt":"2026-09-01T16:57:48","guid":{"rendered":"https:\/\/mansetatlas.com\/index.php\/cumhurbaskani-erdogan-dunyada-huzur-ve-istikrar-icin-calismaya-devam-ediyoruz\/"},"modified":"2026-09-01T19:57:48","modified_gmt":"2026-09-01T16:57:48","slug":"cumhurbaskani-erdogan-dunyada-huzur-ve-istikrar-icin-calismaya-devam-ediyoruz","status":"publish","type":"post","link":"https:\/\/mansetatlas.com\/index.php\/cumhurbaskani-erdogan-dunyada-huzur-ve-istikrar-icin-calismaya-devam-ediyoruz\/","title":{"rendered":"Cumhurba\u015fkan\u0131 Erdo\u011fan: D\u00fcnyada huzur ve istikrar i\u00e7in \u00e7al\u0131\u015fmaya devam ediyoruz"},"content":{"rendered":"<p>Cumhurba\u015fkan\u0131 Recep Tayyip Erdo\u011fan, &quot;T\u00fcrkiye olarak etraf\u0131m\u0131zda ya\u015fanan \u00e7at\u0131\u015fmalar\u0131n diyalog ve diplomasi yoluyla \u00e7\u00f6z\u00fcme kavu\u015fturulmas\u0131 i\u00e7in sorumluluk al\u0131yor, b\u00f6lgemizle birlikte t\u00fcm d\u00fcnyada bar\u0131\u015f i\u00e7in, huzur ve istikrar i\u00e7in \u00e7al\u0131\u015fmaya devam ediyoruz&quot; diye konu\u015ftu.<\/p>\n<p><strong>Kaynak:<\/strong> TRT Haber \u2014 <a href=\"https:\/\/www.trthaber.com\/haber\/gundem\/cumhurbaskani-erdogan-dunyada-huzur-ve-istikrar-icin-calismaya-devam-ediyoruz-955527.html\" target=\"_blank\" rel=\"nofollow noopener\">Haberin devam\u0131n\u0131 \u00f6zg\u00fcn kayna\u011f\u0131nda oku<\/a><\/p>\n","protected":false},"excerpt":{"rendered":"<p>Cumhurba\u015fkan\u0131 Recep Tayyip Erdo\u011fan, &#8220;T\u00fcrkiye olarak etraf\u0131m\u0131zda ya\u015fanan \u00e7at\u0131\u015fmalar\u0131n diyalog ve diplomasi yoluyla \u00e7\u00f6z\u00fcme kavu\u015fturulmas\u0131 i\u00e7in sorumluluk al\u0131yor, b\u00f6lgemizle birlikte t\u00fcm d\u00fcnyada bar\u0131\u015f i\u00e7in, huzur ve istikrar i\u00e7in \u00e7al\u0131\u015fmaya devam ediyoruz&#8221; diye\u2026<\/p>\n","protected":false},"author":1,"featured_media":2671,"comment_status":"closed","ping_status":"closed","sticky":false,"template":"","format":"standard","meta":{"footnotes":""},"categories":[26,15,4,14],"tags":[],"class_list":["post-2670","post","type-post","status-publish","format-standard","has-post-thumbnail","hentry","category-asya-pasifik","category-diplomasi","category-gundem","category-siyaset"],"blocksy_meta":{"styles_descriptor":{"styles":{"desktop":"","tablet":"","mobile":""},"google_fonts":[],"version":7}},"_links":{"self":[{"href":"https:\/\/mansetatlas.com\/index.php\/wp-json\/wp\/v2\/posts\/2670","targetHints":{"allow":["GET"]}}],"collection":[{"href":"https:\/\/mansetatlas.com\/index.php\/wp-json\/wp\/v2\/posts"}],"about":[{"href":"https:\/\/mansetatlas.com\/index.php\/wp-json\/wp\/v2\/types\/post"}],"author":[{"embeddable":true,"href":"https:\/\/mansetatlas.com\/index.php\/wp-json\/wp\/v2\/users\/1"}],"replies":[{"embeddable":true,"href":"https:\/\/mansetatlas.com\/index.php\/wp-json\/wp\/v2\/comments?post=2670"}],"version-history":[{"count":0,"href":"https:\/\/mansetatlas.com\/index.php\/wp-json\/wp\/v2\/posts\/2670\/revisions"}],"wp:featuredmedia":[{"embeddable":true,"href":"https:\/\/mansetatlas.com\/index.php\/wp-json\/wp\/v2\/media\/2671"}],"wp:attachment":[{"href":"https:\/\/mansetatlas.com\/index.php\/wp-json\/wp\/v2\/media?parent=2670"}],"wp:term":[{"taxonomy":"category","embeddable":true,"href":"https:\/\/mansetatlas.com\/index.php\/wp-json\/wp\/v2\/categories?post=2670"},{"taxonomy":"post_tag","embeddable":true,"href":"https:\/\/mansetatlas.com\/index.php\/wp-json\/wp\/v2\/tags?post=2670"}],"curies":[{"name":"wp","href":"https:\/\/api.w.org\/{rel}","templated":true}]}}