{"id":2782,"date":"2026-09-02T10:58:11","date_gmt":"2026-09-02T07:58:11","guid":{"rendered":"https:\/\/mansetatlas.com\/index.php\/turkiye-israilin-gazzedeki-katliamlarina-iliskin-ek-deliller-sunacak\/"},"modified":"2026-09-02T10:58:11","modified_gmt":"2026-09-02T07:58:11","slug":"turkiye-israilin-gazzedeki-katliamlarina-iliskin-ek-deliller-sunacak","status":"publish","type":"post","link":"https:\/\/mansetatlas.com\/index.php\/turkiye-israilin-gazzedeki-katliamlarina-iliskin-ek-deliller-sunacak\/","title":{"rendered":"T\u00fcrkiye, \u0130srail&#039;in Gazze&#039;deki katliamlar\u0131na ili\u015fkin ek deliller sunacak"},"content":{"rendered":"<p>\u0130srail\u2019in cezas\u0131z kalan Gazze\u2019deki katliamlar\u0131na kar\u015f\u0131 T\u00fcrkiye\u2019den tarihi bir hamle geldi. \u0130stanbul 2 Nolu Barosu, Gazze\u2019de \u0130srail\u2019in kad\u0131n ve \u00e7ocuk katliamlar\u0131na ili\u015fkin haz\u0131rlad\u0131\u011f\u0131 ek delilleri Uluslararas\u0131 Ceza Mahkemesine sunacak.<\/p>\n<p><strong>Kaynak:<\/strong> TRT Haber \u2014 <a href=\"https:\/\/www.trthaber.com\/haber\/gundem\/turkiye-israilin-gazzedeki-katliamlarina-iliskin-ek-deliller-sunacak-955584.html\" target=\"_blank\" rel=\"nofollow noopener\">Haberin devam\u0131n\u0131 \u00f6zg\u00fcn kayna\u011f\u0131nda oku<\/a><\/p>\n","protected":false},"excerpt":{"rendered":"<p>\u0130srail\u2019in cezas\u0131z kalan Gazze\u2019deki katliamlar\u0131na kar\u015f\u0131 T\u00fcrkiye\u2019den tarihi bir hamle geldi. \u0130stanbul 2 Nolu Barosu, Gazze\u2019de \u0130srail\u2019in kad\u0131n ve \u00e7ocuk katliamlar\u0131na ili\u015fkin haz\u0131rlad\u0131\u011f\u0131 ek delilleri Uluslararas\u0131 Ceza Mahkemesine sunacak.<\/p>\n","protected":false},"author":1,"featured_media":2783,"comment_status":"closed","ping_status":"closed","sticky":false,"template":"","format":"standard","meta":{"footnotes":""},"categories":[4,50,24],"tags":[],"class_list":["post-2782","post","type-post","status-publish","format-standard","has-post-thumbnail","hentry","category-gundem","category-kadin-aile","category-orta-dogu"],"blocksy_meta":{"styles_descriptor":{"styles":{"desktop":"","tablet":"","mobile":""},"google_fonts":[],"version":7}},"_links":{"self":[{"href":"https:\/\/mansetatlas.com\/index.php\/wp-json\/wp\/v2\/posts\/2782","targetHints":{"allow":["GET"]}}],"collection":[{"href":"https:\/\/mansetatlas.com\/index.php\/wp-json\/wp\/v2\/posts"}],"about":[{"href":"https:\/\/mansetatlas.com\/index.php\/wp-json\/wp\/v2\/types\/post"}],"author":[{"embeddable":true,"href":"https:\/\/mansetatlas.com\/index.php\/wp-json\/wp\/v2\/users\/1"}],"replies":[{"embeddable":true,"href":"https:\/\/mansetatlas.com\/index.php\/wp-json\/wp\/v2\/comments?post=2782"}],"version-history":[{"count":0,"href":"https:\/\/mansetatlas.com\/index.php\/wp-json\/wp\/v2\/posts\/2782\/revisions"}],"wp:featuredmedia":[{"embeddable":true,"href":"https:\/\/mansetatlas.com\/index.php\/wp-json\/wp\/v2\/media\/2783"}],"wp:attachment":[{"href":"https:\/\/mansetatlas.com\/index.php\/wp-json\/wp\/v2\/media?parent=2782"}],"wp:term":[{"taxonomy":"category","embeddable":true,"href":"https:\/\/mansetatlas.com\/index.php\/wp-json\/wp\/v2\/categories?post=2782"},{"taxonomy":"post_tag","embeddable":true,"href":"https:\/\/mansetatlas.com\/index.php\/wp-json\/wp\/v2\/tags?post=2782"}],"curies":[{"name":"wp","href":"https:\/\/api.w.org\/{rel}","templated":true}]}}