{"id":2858,"date":"2026-09-03T00:00:09","date_gmt":"2026-09-02T21:00:09","guid":{"rendered":"https:\/\/mansetatlas.com\/index.php\/alman-savunma-uzmani-vad-avrupa-guvenligi-icin-turkiyeye-ihtiyac-var\/"},"modified":"2026-09-03T00:00:09","modified_gmt":"2026-09-02T21:00:09","slug":"alman-savunma-uzmani-vad-avrupa-guvenligi-icin-turkiyeye-ihtiyac-var","status":"publish","type":"post","link":"https:\/\/mansetatlas.com\/index.php\/alman-savunma-uzmani-vad-avrupa-guvenligi-icin-turkiyeye-ihtiyac-var\/","title":{"rendered":"Alman savunma uzman\u0131 Vad: Avrupa g\u00fcvenli\u011fi i\u00e7in T\u00fcrkiyeye ihtiya\u00e7 var"},"content":{"rendered":"<p>Alman savunma uzman\u0131 Erich Vad, TRT&#039;ye verdi\u011fi r\u00f6portajda T\u00fcrkiye\u2019nin Ukrayna sava\u015f\u0131ndaki ara buluculuk rol\u00fcn\u00fc, NATO a\u00e7\u0131s\u0131ndan ta\u015f\u0131d\u0131\u011f\u0131 \u00f6nemi, T\u00fcrk-Alman ili\u015fkilerini ve Avrupa\u2019n\u0131n g\u00fcvenlik politikas\u0131n\u0131 de\u011ferlendirdi.<\/p>\n<p><strong>Kaynak:<\/strong> TRT Haber \u2014 <a href=\"https:\/\/www.trthaber.com\/haber\/dunya\/alman-savunma-uzmani-vad-avrupa-guvenligi-icin-turkiyeye-ihtiyac-var-955670.html\" target=\"_blank\" rel=\"nofollow noopener\">Haberin devam\u0131n\u0131 \u00f6zg\u00fcn kayna\u011f\u0131nda oku<\/a><\/p>\n","protected":false},"excerpt":{"rendered":"<p>Alman savunma uzman\u0131 Erich Vad, TRT&#8217;ye verdi\u011fi r\u00f6portajda T\u00fcrkiye\u2019nin Ukrayna sava\u015f\u0131ndaki ara buluculuk rol\u00fcn\u00fc, NATO a\u00e7\u0131s\u0131ndan ta\u015f\u0131d\u0131\u011f\u0131 \u00f6nemi, T\u00fcrk-Alman ili\u015fkilerini ve Avrupa\u2019n\u0131n g\u00fcvenlik politikas\u0131n\u0131 de\u011ferlendirdi.<\/p>\n","protected":false},"author":1,"featured_media":2859,"comment_status":"closed","ping_status":"closed","sticky":false,"template":"","format":"standard","meta":{"footnotes":""},"categories":[26,23,15,6,16,42],"tags":[],"class_list":["post-2858","post","type-post","status-publish","format-standard","has-post-thumbnail","hentry","category-asya-pasifik","category-avrupa","category-diplomasi","category-dunya","category-guvenlik","category-halk-sagligi"],"blocksy_meta":{"styles_descriptor":{"styles":{"desktop":"","tablet":"","mobile":""},"google_fonts":[],"version":7}},"_links":{"self":[{"href":"https:\/\/mansetatlas.com\/index.php\/wp-json\/wp\/v2\/posts\/2858","targetHints":{"allow":["GET"]}}],"collection":[{"href":"https:\/\/mansetatlas.com\/index.php\/wp-json\/wp\/v2\/posts"}],"about":[{"href":"https:\/\/mansetatlas.com\/index.php\/wp-json\/wp\/v2\/types\/post"}],"author":[{"embeddable":true,"href":"https:\/\/mansetatlas.com\/index.php\/wp-json\/wp\/v2\/users\/1"}],"replies":[{"embeddable":true,"href":"https:\/\/mansetatlas.com\/index.php\/wp-json\/wp\/v2\/comments?post=2858"}],"version-history":[{"count":0,"href":"https:\/\/mansetatlas.com\/index.php\/wp-json\/wp\/v2\/posts\/2858\/revisions"}],"wp:featuredmedia":[{"embeddable":true,"href":"https:\/\/mansetatlas.com\/index.php\/wp-json\/wp\/v2\/media\/2859"}],"wp:attachment":[{"href":"https:\/\/mansetatlas.com\/index.php\/wp-json\/wp\/v2\/media?parent=2858"}],"wp:term":[{"taxonomy":"category","embeddable":true,"href":"https:\/\/mansetatlas.com\/index.php\/wp-json\/wp\/v2\/categories?post=2858"},{"taxonomy":"post_tag","embeddable":true,"href":"https:\/\/mansetatlas.com\/index.php\/wp-json\/wp\/v2\/tags?post=2858"}],"curies":[{"name":"wp","href":"https:\/\/api.w.org\/{rel}","templated":true}]}}