{"id":2860,"date":"2026-09-03T00:00:15","date_gmt":"2026-09-02T21:00:15","guid":{"rendered":"https:\/\/mansetatlas.com\/index.php\/silivri-aciklarinda-turk-bayrakli-2-gemi-carpisti\/"},"modified":"2026-09-03T00:00:15","modified_gmt":"2026-09-02T21:00:15","slug":"silivri-aciklarinda-turk-bayrakli-2-gemi-carpisti","status":"publish","type":"post","link":"https:\/\/mansetatlas.com\/index.php\/silivri-aciklarinda-turk-bayrakli-2-gemi-carpisti\/","title":{"rendered":"Silivri a\u00e7\u0131klar\u0131nda T\u00fcrk bayrakl\u0131 2 gemi \u00e7arp\u0131\u015ft\u0131"},"content":{"rendered":"<p>Silivri a\u00e7\u0131klar\u0131nda iki ticari geminin \u00e7arp\u0131\u015fmas\u0131 sonucu, 10 personeli bulunan &quot;Tu\u011fberk \u0130mamo\u011flu&quot; isimli gemiyle irtibat kesildi. Geminin batt\u0131\u011f\u0131 de\u011ferlendirilen 800-900 metre derinlikteki b\u00f6lgede; Sahil G\u00fcvenlik ve K\u0131y\u0131 Emniyeti ekipleri havadan ve denizden geni\u015f \u00e7apl\u0131 arama kurtarma operasyonu ba\u015flatt\u0131.<\/p>\n<p><strong>Kaynak:<\/strong> TRT Haber \u2014 <a href=\"https:\/\/www.trthaber.com\/haber\/turkiye\/silivri-aciklarinda-turk-bayrakli-2-gemi-carpisti-955630.html\" target=\"_blank\" rel=\"nofollow noopener\">Haberin devam\u0131n\u0131 \u00f6zg\u00fcn kayna\u011f\u0131nda oku<\/a><\/p>\n","protected":false},"excerpt":{"rendered":"<p>Silivri a\u00e7\u0131klar\u0131nda iki ticari geminin \u00e7arp\u0131\u015fmas\u0131 sonucu, 10 personeli bulunan &#8220;Tu\u011fberk \u0130mamo\u011flu&#8221; isimli gemiyle irtibat kesildi. Geminin batt\u0131\u011f\u0131 de\u011ferlendirilen 800-900 metre derinlikteki b\u00f6lgede; Sahil G\u00fcvenlik ve K\u0131y\u0131 Emniyeti ekipleri havadan ve denizden\u2026<\/p>\n","protected":false},"author":1,"featured_media":2861,"comment_status":"closed","ping_status":"closed","sticky":false,"template":"","format":"standard","meta":{"footnotes":""},"categories":[4,16,27],"tags":[],"class_list":["post-2860","post","type-post","status-publish","format-standard","has-post-thumbnail","hentry","category-gundem","category-guvenlik","category-piyasalar"],"blocksy_meta":{"styles_descriptor":{"styles":{"desktop":"","tablet":"","mobile":""},"google_fonts":[],"version":7}},"_links":{"self":[{"href":"https:\/\/mansetatlas.com\/index.php\/wp-json\/wp\/v2\/posts\/2860","targetHints":{"allow":["GET"]}}],"collection":[{"href":"https:\/\/mansetatlas.com\/index.php\/wp-json\/wp\/v2\/posts"}],"about":[{"href":"https:\/\/mansetatlas.com\/index.php\/wp-json\/wp\/v2\/types\/post"}],"author":[{"embeddable":true,"href":"https:\/\/mansetatlas.com\/index.php\/wp-json\/wp\/v2\/users\/1"}],"replies":[{"embeddable":true,"href":"https:\/\/mansetatlas.com\/index.php\/wp-json\/wp\/v2\/comments?post=2860"}],"version-history":[{"count":0,"href":"https:\/\/mansetatlas.com\/index.php\/wp-json\/wp\/v2\/posts\/2860\/revisions"}],"wp:featuredmedia":[{"embeddable":true,"href":"https:\/\/mansetatlas.com\/index.php\/wp-json\/wp\/v2\/media\/2861"}],"wp:attachment":[{"href":"https:\/\/mansetatlas.com\/index.php\/wp-json\/wp\/v2\/media?parent=2860"}],"wp:term":[{"taxonomy":"category","embeddable":true,"href":"https:\/\/mansetatlas.com\/index.php\/wp-json\/wp\/v2\/categories?post=2860"},{"taxonomy":"post_tag","embeddable":true,"href":"https:\/\/mansetatlas.com\/index.php\/wp-json\/wp\/v2\/tags?post=2860"}],"curies":[{"name":"wp","href":"https:\/\/api.w.org\/{rel}","templated":true}]}}