{"id":2866,"date":"2026-09-03T00:58:12","date_gmt":"2026-09-02T21:58:12","guid":{"rendered":"https:\/\/mansetatlas.com\/index.php\/silivride-batan-geminin-iskenderundan-cikis-goruntusune-ulasildi\/"},"modified":"2026-09-03T00:58:12","modified_gmt":"2026-09-02T21:58:12","slug":"silivride-batan-geminin-iskenderundan-cikis-goruntusune-ulasildi","status":"publish","type":"post","link":"https:\/\/mansetatlas.com\/index.php\/silivride-batan-geminin-iskenderundan-cikis-goruntusune-ulasildi\/","title":{"rendered":"Silivri&#039;de batan geminin \u0130skenderun&#039;dan \u00e7\u0131k\u0131\u015f g\u00f6r\u00fcnt\u00fcs\u00fcne ula\u015f\u0131ld\u0131"},"content":{"rendered":"<p>Marmara Denizi&#039;nde bir ticari gemiyle \u00e7arp\u0131\u015ft\u0131ktan sonra batan &quot;Tu\u011fberk \u0130mamo\u011flu&quot; adl\u0131 kuru y\u00fck gemisinin, 27 A\u011fustos&#039;ta \u0130skenderun Liman\u0131&#039;ndan ayr\u0131l\u0131\u015f\u0131n\u0131n g\u00fcvenlik kameras\u0131 g\u00f6r\u00fcnt\u00fcs\u00fcne ula\u015f\u0131ld\u0131.<\/p>\n<p><strong>Kaynak:<\/strong> TRT Haber \u2014 <a href=\"https:\/\/www.trthaber.com\/haber\/turkiye\/silivride-batan-geminin-iskenderundan-cikis-goruntusune-ulasildi-955677.html\" target=\"_blank\" rel=\"nofollow noopener\">Haberin devam\u0131n\u0131 \u00f6zg\u00fcn kayna\u011f\u0131nda oku<\/a><\/p>\n","protected":false},"excerpt":{"rendered":"<p>Marmara Denizi&#8217;nde bir ticari gemiyle \u00e7arp\u0131\u015ft\u0131ktan sonra batan &#8220;Tu\u011fberk \u0130mamo\u011flu&#8221; adl\u0131 kuru y\u00fck gemisinin, 27 A\u011fustos&#8217;ta \u0130skenderun Liman\u0131&#8217;ndan ayr\u0131l\u0131\u015f\u0131n\u0131n g\u00fcvenlik kameras\u0131 g\u00f6r\u00fcnt\u00fcs\u00fcne ula\u015f\u0131ld\u0131.<\/p>\n","protected":false},"author":1,"featured_media":2867,"comment_status":"closed","ping_status":"closed","sticky":false,"template":"","format":"standard","meta":{"footnotes":""},"categories":[16,42,27,5],"tags":[],"class_list":["post-2866","post","type-post","status-publish","format-standard","has-post-thumbnail","hentry","category-guvenlik","category-halk-sagligi","category-piyasalar","category-turkiye"],"blocksy_meta":{"styles_descriptor":{"styles":{"desktop":"","tablet":"","mobile":""},"google_fonts":[],"version":7}},"_links":{"self":[{"href":"https:\/\/mansetatlas.com\/index.php\/wp-json\/wp\/v2\/posts\/2866","targetHints":{"allow":["GET"]}}],"collection":[{"href":"https:\/\/mansetatlas.com\/index.php\/wp-json\/wp\/v2\/posts"}],"about":[{"href":"https:\/\/mansetatlas.com\/index.php\/wp-json\/wp\/v2\/types\/post"}],"author":[{"embeddable":true,"href":"https:\/\/mansetatlas.com\/index.php\/wp-json\/wp\/v2\/users\/1"}],"replies":[{"embeddable":true,"href":"https:\/\/mansetatlas.com\/index.php\/wp-json\/wp\/v2\/comments?post=2866"}],"version-history":[{"count":0,"href":"https:\/\/mansetatlas.com\/index.php\/wp-json\/wp\/v2\/posts\/2866\/revisions"}],"wp:featuredmedia":[{"embeddable":true,"href":"https:\/\/mansetatlas.com\/index.php\/wp-json\/wp\/v2\/media\/2867"}],"wp:attachment":[{"href":"https:\/\/mansetatlas.com\/index.php\/wp-json\/wp\/v2\/media?parent=2866"}],"wp:term":[{"taxonomy":"category","embeddable":true,"href":"https:\/\/mansetatlas.com\/index.php\/wp-json\/wp\/v2\/categories?post=2866"},{"taxonomy":"post_tag","embeddable":true,"href":"https:\/\/mansetatlas.com\/index.php\/wp-json\/wp\/v2\/tags?post=2866"}],"curies":[{"name":"wp","href":"https:\/\/api.w.org\/{rel}","templated":true}]}}