{"id":2904,"date":"2026-09-03T09:57:48","date_gmt":"2026-09-03T06:57:48","guid":{"rendered":"https:\/\/mansetatlas.com\/index.php\/iranli-yetkili-abd-ordusunun-sivilleri-asla-hedef-almayiz-iddiasini-reddetti\/"},"modified":"2026-09-03T09:57:48","modified_gmt":"2026-09-03T06:57:48","slug":"iranli-yetkili-abd-ordusunun-sivilleri-asla-hedef-almayiz-iddiasini-reddetti","status":"publish","type":"post","link":"https:\/\/mansetatlas.com\/index.php\/iranli-yetkili-abd-ordusunun-sivilleri-asla-hedef-almayiz-iddiasini-reddetti\/","title":{"rendered":"\u0130ranl\u0131 yetkili, ABD ordusunun sivilleri asla hedef almay\u0131z iddias\u0131n\u0131 reddetti"},"content":{"rendered":"<p>\u0130ran D\u0131\u015fi\u015fleri Bakanl\u0131\u011f\u0131 S\u00f6zc\u00fcs\u00fc \u0130smail Bekayi, ABD&#039;nin d\u00fcnk\u00fc sald\u0131r\u0131lar\u0131nda d\u00fc\u011f\u00fcn merasimindeki sivillerin de hayat\u0131n\u0131 kaybetmesinin ard\u0131ndan ABD Merkez Kuvvetler Komutanl\u0131\u011f\u0131&#039;n\u0131n &quot;ABD ordusu sivilleri hedef almaz&quot; \u015feklindeki a\u00e7\u0131klamas\u0131na tepki g\u00f6sterdi.<\/p>\n<p><strong>Kaynak:<\/strong> TRT Haber \u2014 <a href=\"https:\/\/www.trthaber.com\/haber\/dunya\/iranli-yetkili-abd-ordusunun-sivilleri-asla-hedef-almayiz-iddiasini-reddetti-955736.html\" target=\"_blank\" rel=\"nofollow noopener\">Haberin devam\u0131n\u0131 \u00f6zg\u00fcn kayna\u011f\u0131nda oku<\/a><\/p>\n","protected":false},"excerpt":{"rendered":"<p>\u0130ran D\u0131\u015fi\u015fleri Bakanl\u0131\u011f\u0131 S\u00f6zc\u00fcs\u00fc \u0130smail Bekayi, ABD&#8217;nin d\u00fcnk\u00fc sald\u0131r\u0131lar\u0131nda d\u00fc\u011f\u00fcn merasimindeki sivillerin de hayat\u0131n\u0131 kaybetmesinin ard\u0131ndan ABD Merkez Kuvvetler Komutanl\u0131\u011f\u0131&#8217;n\u0131n &#8220;ABD ordusu sivilleri hedef almaz&#8221; \u015feklindeki a\u00e7\u0131klamas\u0131na tepki g\u00f6sterdi.<\/p>\n","protected":false},"author":1,"featured_media":2905,"comment_status":"closed","ping_status":"closed","sticky":false,"template":"","format":"standard","meta":{"footnotes":""},"categories":[25,15,6],"tags":[],"class_list":["post-2904","post","type-post","status-publish","format-standard","has-post-thumbnail","hentry","category-amerika","category-diplomasi","category-dunya"],"blocksy_meta":{"styles_descriptor":{"styles":{"desktop":"","tablet":"","mobile":""},"google_fonts":[],"version":7}},"_links":{"self":[{"href":"https:\/\/mansetatlas.com\/index.php\/wp-json\/wp\/v2\/posts\/2904","targetHints":{"allow":["GET"]}}],"collection":[{"href":"https:\/\/mansetatlas.com\/index.php\/wp-json\/wp\/v2\/posts"}],"about":[{"href":"https:\/\/mansetatlas.com\/index.php\/wp-json\/wp\/v2\/types\/post"}],"author":[{"embeddable":true,"href":"https:\/\/mansetatlas.com\/index.php\/wp-json\/wp\/v2\/users\/1"}],"replies":[{"embeddable":true,"href":"https:\/\/mansetatlas.com\/index.php\/wp-json\/wp\/v2\/comments?post=2904"}],"version-history":[{"count":0,"href":"https:\/\/mansetatlas.com\/index.php\/wp-json\/wp\/v2\/posts\/2904\/revisions"}],"wp:featuredmedia":[{"embeddable":true,"href":"https:\/\/mansetatlas.com\/index.php\/wp-json\/wp\/v2\/media\/2905"}],"wp:attachment":[{"href":"https:\/\/mansetatlas.com\/index.php\/wp-json\/wp\/v2\/media?parent=2904"}],"wp:term":[{"taxonomy":"category","embeddable":true,"href":"https:\/\/mansetatlas.com\/index.php\/wp-json\/wp\/v2\/categories?post=2904"},{"taxonomy":"post_tag","embeddable":true,"href":"https:\/\/mansetatlas.com\/index.php\/wp-json\/wp\/v2\/tags?post=2904"}],"curies":[{"name":"wp","href":"https:\/\/api.w.org\/{rel}","templated":true}]}}