{"id":2954,"date":"2026-09-03T20:57:53","date_gmt":"2026-09-03T17:57:53","guid":{"rendered":"https:\/\/mansetatlas.com\/index.php\/gulistan-doku-sorusturmasinda-eski-jandarma-komutan-yardimcisi-ile-esi-tutuklandi\/"},"modified":"2026-09-03T20:57:53","modified_gmt":"2026-09-03T17:57:53","slug":"gulistan-doku-sorusturmasinda-eski-jandarma-komutan-yardimcisi-ile-esi-tutuklandi","status":"publish","type":"post","link":"https:\/\/mansetatlas.com\/index.php\/gulistan-doku-sorusturmasinda-eski-jandarma-komutan-yardimcisi-ile-esi-tutuklandi\/","title":{"rendered":"G\u00fclistan Doku soru\u015fturmas\u0131nda eski jandarma komutan yard\u0131mc\u0131s\u0131 ile e\u015fi tutukland\u0131"},"content":{"rendered":"<p>Tunceli&#039;de 5 Ocak 2020&#039;den beri haber al\u0131namayan \u00fcniversite \u00f6\u011frencisi G\u00fclistan Doku ile ilgili soru\u015fturma kapsam\u0131nda adliyeye sevk edilen 5 zanl\u0131dan 2&#039;si tutukland\u0131. B\u00f6ylece tutuklu say\u0131s\u0131 32&#039;ye y\u00fckseldi. Tutuklananlar aras\u0131nda eski Tunceli \u0130l Jandarma Komutan Yard\u0131mc\u0131s\u0131 Ali Kahraman ve e\u015fi Bur\u00e7in H\u0131zl\u0131 Kahraman da bulunuyor.<\/p>\n<p><strong>Kaynak:<\/strong> TRT Haber \u2014 <a href=\"https:\/\/www.trthaber.com\/haber\/gundem\/gulistan-doku-sorusturmasinda-eski-jandarma-komutan-yardimcisi-ile-esi-tutuklandi-955816.html\" target=\"_blank\" rel=\"nofollow noopener\">Haberin devam\u0131n\u0131 \u00f6zg\u00fcn kayna\u011f\u0131nda oku<\/a><\/p>\n","protected":false},"excerpt":{"rendered":"<p>Tunceli&#8217;de 5 Ocak 2020&#8217;den beri haber al\u0131namayan \u00fcniversite \u00f6\u011frencisi G\u00fclistan Doku ile ilgili soru\u015fturma kapsam\u0131nda adliyeye sevk edilen 5 zanl\u0131dan 2&#8217;si tutukland\u0131. B\u00f6ylece tutuklu say\u0131s\u0131 32&#8217;ye y\u00fckseldi. Tutuklananlar aras\u0131nda eski Tunceli \u0130l\u2026<\/p>\n","protected":false},"author":1,"featured_media":2955,"comment_status":"closed","ping_status":"closed","sticky":false,"template":"","format":"standard","meta":{"footnotes":""},"categories":[26,48,47,4,16],"tags":[],"class_list":["post-2954","post","type-post","status-publish","format-standard","has-post-thumbnail","hentry","category-asya-pasifik","category-cevre","category-egitim","category-gundem","category-guvenlik"],"blocksy_meta":{"styles_descriptor":{"styles":{"desktop":"","tablet":"","mobile":""},"google_fonts":[],"version":7}},"_links":{"self":[{"href":"https:\/\/mansetatlas.com\/index.php\/wp-json\/wp\/v2\/posts\/2954","targetHints":{"allow":["GET"]}}],"collection":[{"href":"https:\/\/mansetatlas.com\/index.php\/wp-json\/wp\/v2\/posts"}],"about":[{"href":"https:\/\/mansetatlas.com\/index.php\/wp-json\/wp\/v2\/types\/post"}],"author":[{"embeddable":true,"href":"https:\/\/mansetatlas.com\/index.php\/wp-json\/wp\/v2\/users\/1"}],"replies":[{"embeddable":true,"href":"https:\/\/mansetatlas.com\/index.php\/wp-json\/wp\/v2\/comments?post=2954"}],"version-history":[{"count":0,"href":"https:\/\/mansetatlas.com\/index.php\/wp-json\/wp\/v2\/posts\/2954\/revisions"}],"wp:featuredmedia":[{"embeddable":true,"href":"https:\/\/mansetatlas.com\/index.php\/wp-json\/wp\/v2\/media\/2955"}],"wp:attachment":[{"href":"https:\/\/mansetatlas.com\/index.php\/wp-json\/wp\/v2\/media?parent=2954"}],"wp:term":[{"taxonomy":"category","embeddable":true,"href":"https:\/\/mansetatlas.com\/index.php\/wp-json\/wp\/v2\/categories?post=2954"},{"taxonomy":"post_tag","embeddable":true,"href":"https:\/\/mansetatlas.com\/index.php\/wp-json\/wp\/v2\/tags?post=2954"}],"curies":[{"name":"wp","href":"https:\/\/api.w.org\/{rel}","templated":true}]}}