{"id":2978,"date":"2026-09-03T22:57:27","date_gmt":"2026-09-03T19:57:27","guid":{"rendered":"https:\/\/mansetatlas.com\/index.php\/yilliklandirilmis-ihracatta-cumhuriyet-tarihinin-rekoru-kirildi\/"},"modified":"2026-09-03T22:57:27","modified_gmt":"2026-09-03T19:57:27","slug":"yilliklandirilmis-ihracatta-cumhuriyet-tarihinin-rekoru-kirildi","status":"publish","type":"post","link":"https:\/\/mansetatlas.com\/index.php\/yilliklandirilmis-ihracatta-cumhuriyet-tarihinin-rekoru-kirildi\/","title":{"rendered":"Y\u0131ll\u0131kland\u0131r\u0131lm\u0131\u015f ihracatta Cumhuriyet tarihinin rekoru k\u0131r\u0131ld\u0131"},"content":{"rendered":"<p>Ticaret Bakan\u0131 \u00d6mer Bolat, a\u011fustos ay\u0131 ihracat\u0131n\u0131n, y\u0131ll\u0131k y\u00fczde 8,1 art\u0131\u015fla 23,5 milyar dolara \u00e7\u0131karak en y\u00fcksek a\u011fustos ay\u0131 rakam\u0131 olarak kay\u0131tlara ge\u00e7ti\u011fini belirterek, &quot;Ocak-a\u011fustos d\u00f6neminde de ihracat\u0131m\u0131z 185 milyar dolarla rekor k\u0131rd\u0131, a\u011fustosta y\u0131ll\u0131kland\u0131r\u0131lm\u0131\u015f ihracat\u0131m\u0131z 280,3 milyar dolarla Cumhuriyet tarihimizin en y\u00fckse\u011fi oldu&quot; dedi.<\/p>\n<p><strong>Kaynak:<\/strong> TRT Haber \u2014 <a href=\"https:\/\/www.trthaber.com\/haber\/ekonomi\/yilliklandirilmis-ihracatta-cumhuriyet-tarihinin-rekoru-kirildi-955775.html\" target=\"_blank\" rel=\"nofollow noopener\">Haberin devam\u0131n\u0131 \u00f6zg\u00fcn kayna\u011f\u0131nda oku<\/a><\/p>\n","protected":false},"excerpt":{"rendered":"<p>Ticaret Bakan\u0131 \u00d6mer Bolat, a\u011fustos ay\u0131 ihracat\u0131n\u0131n, y\u0131ll\u0131k y\u00fczde 8,1 art\u0131\u015fla 23,5 milyar dolara \u00e7\u0131karak en y\u00fcksek a\u011fustos ay\u0131 rakam\u0131 olarak kay\u0131tlara ge\u00e7ti\u011fini belirterek, &#8220;Ocak-a\u011fustos d\u00f6neminde de ihracat\u0131m\u0131z 185 milyar dolarla rekor\u2026<\/p>\n","protected":false},"author":1,"featured_media":2979,"comment_status":"closed","ping_status":"closed","sticky":false,"template":"","format":"standard","meta":{"footnotes":""},"categories":[4,30,27],"tags":[],"class_list":["post-2978","post","type-post","status-publish","format-standard","has-post-thumbnail","hentry","category-gundem","category-is-dunyasi","category-piyasalar"],"blocksy_meta":{"styles_descriptor":{"styles":{"desktop":"","tablet":"","mobile":""},"google_fonts":[],"version":7}},"_links":{"self":[{"href":"https:\/\/mansetatlas.com\/index.php\/wp-json\/wp\/v2\/posts\/2978","targetHints":{"allow":["GET"]}}],"collection":[{"href":"https:\/\/mansetatlas.com\/index.php\/wp-json\/wp\/v2\/posts"}],"about":[{"href":"https:\/\/mansetatlas.com\/index.php\/wp-json\/wp\/v2\/types\/post"}],"author":[{"embeddable":true,"href":"https:\/\/mansetatlas.com\/index.php\/wp-json\/wp\/v2\/users\/1"}],"replies":[{"embeddable":true,"href":"https:\/\/mansetatlas.com\/index.php\/wp-json\/wp\/v2\/comments?post=2978"}],"version-history":[{"count":0,"href":"https:\/\/mansetatlas.com\/index.php\/wp-json\/wp\/v2\/posts\/2978\/revisions"}],"wp:featuredmedia":[{"embeddable":true,"href":"https:\/\/mansetatlas.com\/index.php\/wp-json\/wp\/v2\/media\/2979"}],"wp:attachment":[{"href":"https:\/\/mansetatlas.com\/index.php\/wp-json\/wp\/v2\/media?parent=2978"}],"wp:term":[{"taxonomy":"category","embeddable":true,"href":"https:\/\/mansetatlas.com\/index.php\/wp-json\/wp\/v2\/categories?post=2978"},{"taxonomy":"post_tag","embeddable":true,"href":"https:\/\/mansetatlas.com\/index.php\/wp-json\/wp\/v2\/tags?post=2978"}],"curies":[{"name":"wp","href":"https:\/\/api.w.org\/{rel}","templated":true}]}}