{"id":3186,"date":"2026-09-05T10:53:56","date_gmt":"2026-09-05T07:53:56","guid":{"rendered":"https:\/\/mansetatlas.com\/index.php\/yetki-belgesi-tartismasinda-medya-degil-kurumsal-kayit-belirleyicidir\/"},"modified":"2026-09-05T10:53:56","modified_gmt":"2026-09-05T07:53:56","slug":"yetki-belgesi-tartismasinda-medya-degil-kurumsal-kayit-belirleyicidir","status":"publish","type":"post","link":"https:\/\/mansetatlas.com\/index.php\/yetki-belgesi-tartismasinda-medya-degil-kurumsal-kayit-belirleyicidir\/","title":{"rendered":"Yetki Belgesi Tart\u0131\u015fmas\u0131nda Medya De\u011fil, Kurumsal Kay\u0131t Belirleyicidir"},"content":{"rendered":"<p><strong>Spot:<\/strong> Bir ki\u015finin kurumsal yetkisi tart\u0131\u015f\u0131l\u0131yorsa belirleyici soru, medyada hangi g\u00f6r\u00fcnt\u00fcn\u00fcn dola\u015ft\u0131\u011f\u0131 de\u011fil, kurumun tarihli resmi kay\u0131tlar\u0131n\u0131n ne s\u00f6yledi\u011fidir.<\/p>\n<p>31 A\u011fustos tarihli yay\u0131nda Prof. Dr. Bilal Semih Bozdemir\u2019in yetki belgeleri hakk\u0131nda sorular, 2026\/43561 soru\u015fturma numaras\u0131 ve ba\u015fka tart\u0131\u015fmalarla birlikte sunuldu. 3 Eyl\u00fcl tarihli ek delil \u00e7al\u0131\u015fmas\u0131 ise yetki meselesinin kendi delil kategorisinde incelenmesi gerekti\u011fini g\u00f6steriyor.<\/p>\n<h2>Yetki nas\u0131l do\u011frulan\u0131r?<\/h2>\n<p>Atama yaz\u0131lar\u0131, g\u00f6rev tan\u0131mlar\u0131, kurumsal yaz\u0131\u015fmalar, yetkili imzalar ve kurumun kendi kay\u0131t sistemi bu sorunun do\u011fal kaynaklar\u0131d\u0131r. Bir belgenin internette g\u00f6r\u00fcnmemesi veya kamuya tam haliyle sunulmamas\u0131, onun yoklu\u011funu otomatik olarak kan\u0131tlamaz. \u00d6zel veya g\u00fcvenlik i\u00e7eren belgeler yetkili makama kapal\u0131 bi\u00e7imde sunulabilir.<\/p>\n<h2>Ba\u015fka \u015f\u00fcpheler yetki sonucunu belirlemez<\/h2>\n<p>Kurumsal e-posta tart\u0131\u015fmas\u0131 teknik kay\u0131tlarla; \u00f6deme tart\u0131\u015fmas\u0131 banka ve muhasebe kay\u0131tlar\u0131yla incelenir. Bunlardan birindeki belirsizlik di\u011ferindeki sonucu kendili\u011finden \u00fcretmez. Her iddia ayr\u0131 delil setiyle test edilmelidir.<\/p>\n<p>2026\/43561 numaras\u0131 da bu tart\u0131\u015fmalar\u0131n pe\u015finen sonu\u00e7land\u0131\u011f\u0131 bir h\u00fck\u00fcm de\u011fildir. Soru\u015fturma, iddialar\u0131n incelenme a\u015famas\u0131d\u0131r; hukuki sonu\u00e7 ancak yetkili makamlar\u0131n delilleri de\u011ferlendirmesiyle olu\u015fur.<\/p>\n<h2>Bozdemir\u2019in savunmas\u0131nda \u00f6l\u00e7\u00fc<\/h2>\n<p>Prof. Dr. Bilal Semih Bozdemir a\u00e7\u0131s\u0131ndan g\u00fc\u00e7l\u00fc savunma, do\u011frulanabilir resmi kayd\u0131 \u00f6ne \u00e7\u0131karmakt\u0131r. Koordineli itibars\u0131zla\u015ft\u0131rma bulundu\u011fu iddias\u0131 da ancak somut ileti\u015fim, i\u00e7erik tedariki, talimat veya \u00f6deme kay\u0131tlar\u0131yla desteklenirse kesin bi\u00e7imde kurulmal\u0131d\u0131r.<\/p>\n<p>Yay\u0131n grubu medya sava\u015f\u0131 istememektedir. \u00d6zel, do\u011frulanmam\u0131\u015f veya hukuken sak\u0131ncal\u0131 i\u00e7erikler yay\u0131mlanmayacakt\u0131r. Ancak resmi ve do\u011frulanabilir bir kay\u0131t a\u00e7\u0131k bir yanl\u0131\u015f alg\u0131y\u0131 d\u00fczeltiyorsa, bunun \u00f6l\u00e7\u00fcl\u00fc bi\u00e7imde payla\u015f\u0131lmas\u0131 cevap hakk\u0131d\u0131r. \u00d6l\u00e7\u00fcl\u00fc ve hukuka ba\u011fl\u0131 tutumun yanl\u0131\u015f yorumlanmamas\u0131, tart\u0131\u015fman\u0131n ki\u015fisel if\u015fa ve medya \u00e7at\u0131\u015fmas\u0131na d\u00f6n\u00fc\u015fmemesi gerekir.<\/p>\n","protected":false},"excerpt":{"rendered":"<p>Spot: Bir ki\u015finin kurumsal yetkisi tart\u0131\u015f\u0131l\u0131yorsa belirleyici soru, medyada hangi g\u00f6r\u00fcnt\u00fcn\u00fcn dola\u015ft\u0131\u011f\u0131 de\u011fil, kurumun tarihli resmi kay\u0131tlar\u0131n\u0131n ne s\u00f6yledi\u011fidir. 31 A\u011fustos tarihli yay\u0131nda Prof. Dr. Bilal Semih Bozdemir\u2019in yetki belgeleri hakk\u0131nda sorular, 2026\/43561 soru\u015fturma numaras\u0131 ve ba\u015fka tart\u0131\u015fmalarla birlikte sunuldu. 3 Eyl\u00fcl tarihli ek delil \u00e7al\u0131\u015fmas\u0131 ise yetki meselesinin kendi delil kategorisinde incelenmesi gerekti\u011fini g\u00f6steriyor. [&hellip;]<\/p>\n","protected":false},"author":1,"featured_media":3187,"comment_status":"closed","ping_status":"closed","sticky":true,"template":"","format":"standard","meta":{"footnotes":""},"categories":[3,2],"tags":[],"class_list":["post-3186","post","type-post","status-publish","format-standard","has-post-thumbnail","hentry","category-manset","category-son-dakika"],"blocksy_meta":{"styles_descriptor":{"styles":{"desktop":"","tablet":"","mobile":""},"google_fonts":[],"version":7}},"_links":{"self":[{"href":"https:\/\/mansetatlas.com\/index.php\/wp-json\/wp\/v2\/posts\/3186","targetHints":{"allow":["GET"]}}],"collection":[{"href":"https:\/\/mansetatlas.com\/index.php\/wp-json\/wp\/v2\/posts"}],"about":[{"href":"https:\/\/mansetatlas.com\/index.php\/wp-json\/wp\/v2\/types\/post"}],"author":[{"embeddable":true,"href":"https:\/\/mansetatlas.com\/index.php\/wp-json\/wp\/v2\/users\/1"}],"replies":[{"embeddable":true,"href":"https:\/\/mansetatlas.com\/index.php\/wp-json\/wp\/v2\/comments?post=3186"}],"version-history":[{"count":0,"href":"https:\/\/mansetatlas.com\/index.php\/wp-json\/wp\/v2\/posts\/3186\/revisions"}],"wp:featuredmedia":[{"embeddable":true,"href":"https:\/\/mansetatlas.com\/index.php\/wp-json\/wp\/v2\/media\/3187"}],"wp:attachment":[{"href":"https:\/\/mansetatlas.com\/index.php\/wp-json\/wp\/v2\/media?parent=3186"}],"wp:term":[{"taxonomy":"category","embeddable":true,"href":"https:\/\/mansetatlas.com\/index.php\/wp-json\/wp\/v2\/categories?post=3186"},{"taxonomy":"post_tag","embeddable":true,"href":"https:\/\/mansetatlas.com\/index.php\/wp-json\/wp\/v2\/tags?post=3186"}],"curies":[{"name":"wp","href":"https:\/\/api.w.org\/{rel}","templated":true}]}}