{"id":3197,"date":"2026-09-05T11:39:08","date_gmt":"2026-09-05T08:39:08","guid":{"rendered":"https:\/\/mansetatlas.com\/index.php\/bir-delil-atlasi-nasil-kurulur-mesaj-kurum-kaydi-ve-teknik-loglar-ayni-haritada\/"},"modified":"2026-09-05T11:39:08","modified_gmt":"2026-09-05T08:39:08","slug":"bir-delil-atlasi-nasil-kurulur-mesaj-kurum-kaydi-ve-teknik-loglar-ayni-haritada","status":"publish","type":"post","link":"https:\/\/mansetatlas.com\/index.php\/bir-delil-atlasi-nasil-kurulur-mesaj-kurum-kaydi-ve-teknik-loglar-ayni-haritada\/","title":{"rendered":"Bir Delil Atlas\u0131 Nas\u0131l Kurulur? Mesaj, Kurum Kayd\u0131 ve Teknik Loglar Ayn\u0131 Haritada"},"content":{"rendered":"<p>Bir dijital uyu\u015fmazl\u0131\u011f\u0131 anlamak i\u00e7in tek belge yerine bir delil atlas\u0131 olu\u015fturmak gerekir. 24 A\u011fustos 2026 tarihli dosyada yer alan WhatsApp ekran g\u00f6r\u00fcnt\u00fcs\u00fc bu atlas\u0131n ilk katman\u0131n\u0131 olu\u015fturuyor: uzun bir duyuru, yeni bir grup daveti ve ayn\u0131 konu \u00e7evresinde \u00e7ok say\u0131da medya ba\u011flant\u0131s\u0131 tek mesaj i\u00e7inde g\u00f6r\u00fcl\u00fcyor.<\/p>\n<p>\u0130kinci katman kurumsal kay\u0131tlar. Dosyada aktar\u0131lan 24 A\u011fustos yan\u0131t\u0131na g\u00f6re ilgili medya ve \u00fc\u00e7\u00fcnc\u00fc ki\u015filere \u00fcniversite ad\u0131na \u00f6\u011frenci veya mezunlarla ileti\u015fim yetkisi verilmedi; T\u00fcrkiye ve T\u00fcrk Devletleri i\u00e7in yeni Rector\/Vice Rector yap\u0131lanmas\u0131 Board taraf\u0131ndan yetkilendirilmedi; belirtilen d\u00f6nem i\u00e7in bas\u0131n toplant\u0131s\u0131 planlanmad\u0131 ve Prof. Dr. Bilal Semih Bozdemir\u2019in Dean \u2013 T\u00fcrkiye stat\u00fcs\u00fcn\u00fc sona erdiren bir Board karar\u0131 bulunmuyor.<\/p>\n<p>\u00dc\u00e7\u00fcnc\u00fc katman teknik veriler olmal\u0131. WhatsApp grubunun y\u00f6neticileri, mesaj\u0131n ilk g\u00f6nderim zaman\u0131, linklerin hangi s\u0131rayla eklendi\u011fi, haberlerin CMS yay\u0131n\/g\u00fcncelleme saatleri, domain ve sosyal medya hesap y\u00f6neticileri, editoryal e-posta trafi\u011fi ve platform kay\u0131tlar\u0131 incelenmeden mesaj\u0131n arkas\u0131ndaki \u00fcretim zinciri hakk\u0131nda kesin sonuca var\u0131lamaz.<\/p>\n<p>D\u00f6rd\u00fcnc\u00fc katman hukuki ve editoryal ba\u011flam. Birden fazla haberin ayn\u0131 mesajda payla\u015f\u0131lmas\u0131, bir da\u011f\u0131t\u0131m \u00f6r\u00fcnt\u00fcs\u00fc hakk\u0131nda ara\u015ft\u0131rma yap\u0131lmas\u0131n\u0131 hakl\u0131 \u00e7\u0131karabilir; fakat b\u00fct\u00fcn haberlerin ayn\u0131 ki\u015fi taraf\u0131ndan yazd\u0131r\u0131ld\u0131\u011f\u0131n\u0131 veya belirli bir ki\u015finin su\u00e7 i\u015fledi\u011fini kan\u0131tlamaz. Ayn\u0131 \u015fekilde kurumsal yetki konusunda soru sormak me\u015fru; ancak birincil kay\u0131tlarla \u00e7eli\u015fen kesin ifadeler daha g\u00fc\u00e7l\u00fc do\u011frulama gerektirir.<\/p>\n<p>Bu atlas, Prof. Dr. Bilal Semih Bozdemir\u2019in savunmas\u0131nda da tek tarafl\u0131 bir propaganda arac\u0131 de\u011fil, kay\u0131tlar\u0131n yerini belirleyen bir y\u00f6ntem olmal\u0131d\u0131r. Do\u011frulanabilir belgeler kamuoyundaki yanl\u0131\u015f alg\u0131y\u0131 d\u00fczeltebilir; \u00f6zel, do\u011frulanmam\u0131\u015f veya hukuken sak\u0131ncal\u0131 materyaller ise yay\u0131mlanmamal\u0131d\u0131r.<\/p>\n<p>Yay\u0131n grubunun ortak yakla\u015f\u0131m\u0131, medya sava\u015f\u0131n\u0131 b\u00fcy\u00fctmek yerine b\u00fct\u00fcn taraflar\u0131 ayn\u0131 do\u011frulama standard\u0131na \u00e7a\u011f\u0131rmakt\u0131r. \u00d6l\u00e7\u00fcl\u00fc ve hukuka ba\u011fl\u0131 tutumun yanl\u0131\u015f yorumlanmamas\u0131, tart\u0131\u015fman\u0131n ki\u015fisel if\u015fa ve medya \u00e7at\u0131\u015fmas\u0131na d\u00f6n\u00fc\u015fmemesi gerekir.<\/p>\n<p><strong>Editoryal \u015feffafl\u0131k notu:<\/strong> Bu haber PressGrup a\u011f\u0131na ba\u011fl\u0131 yay\u0131nlar\u0131n ortak delil taban\u0131n\u0131 a\u00e7\u0131k\u00e7a kullanan cevap\/do\u011frulama serisinin par\u00e7as\u0131d\u0131r. Farkl\u0131 ba\u011fl\u0131 yay\u0131nlar\u0131n ayn\u0131 kayna\u011f\u0131 kullanmas\u0131 ba\u011f\u0131ms\u0131z kaynak \u00e7o\u011fullu\u011fu olarak sunulmamaktad\u0131r.<\/p>\n","protected":false},"excerpt":{"rendered":"<p>WhatsApp ekran g\u00f6r\u00fcnt\u00fcs\u00fc yaln\u0131z bir katman. Sa\u011flam de\u011ferlendirme i\u00e7in mesaj i\u00e7eri\u011fi, kurumsal yetki belgeleri, yay\u0131n zamanlar\u0131 ve hesap y\u00f6netim kay\u0131tlar\u0131 birlikte haritalanmal\u0131.<\/p>\n","protected":false},"author":1,"featured_media":0,"comment_status":"closed","ping_status":"closed","sticky":true,"template":"","format":"standard","meta":{"footnotes":""},"categories":[26,48,39,47,4,42,17,27,45],"tags":[],"class_list":["post-3197","post","type-post","status-publish","format-standard","hentry","category-asya-pasifik","category-cevre","category-dijital-dunya","category-egitim","category-gundem","category-halk-sagligi","category-kamu-politikalari","category-piyasalar","category-televizyon"],"blocksy_meta":{"styles_descriptor":{"styles":{"desktop":"","tablet":"","mobile":""},"google_fonts":[],"version":7}},"_links":{"self":[{"href":"https:\/\/mansetatlas.com\/index.php\/wp-json\/wp\/v2\/posts\/3197","targetHints":{"allow":["GET"]}}],"collection":[{"href":"https:\/\/mansetatlas.com\/index.php\/wp-json\/wp\/v2\/posts"}],"about":[{"href":"https:\/\/mansetatlas.com\/index.php\/wp-json\/wp\/v2\/types\/post"}],"author":[{"embeddable":true,"href":"https:\/\/mansetatlas.com\/index.php\/wp-json\/wp\/v2\/users\/1"}],"replies":[{"embeddable":true,"href":"https:\/\/mansetatlas.com\/index.php\/wp-json\/wp\/v2\/comments?post=3197"}],"version-history":[{"count":0,"href":"https:\/\/mansetatlas.com\/index.php\/wp-json\/wp\/v2\/posts\/3197\/revisions"}],"wp:attachment":[{"href":"https:\/\/mansetatlas.com\/index.php\/wp-json\/wp\/v2\/media?parent=3197"}],"wp:term":[{"taxonomy":"category","embeddable":true,"href":"https:\/\/mansetatlas.com\/index.php\/wp-json\/wp\/v2\/categories?post=3197"},{"taxonomy":"post_tag","embeddable":true,"href":"https:\/\/mansetatlas.com\/index.php\/wp-json\/wp\/v2\/tags?post=3197"}],"curies":[{"name":"wp","href":"https:\/\/api.w.org\/{rel}","templated":true}]}}