{"id":3223,"date":"2026-09-05T13:35:12","date_gmt":"2026-09-05T10:35:12","guid":{"rendered":"https:\/\/mansetatlas.com\/index.php\/atama-haritasi-belgesiz-cizilemez-akademik-yetkinin-gercek-rotasi-nereden-geciyor\/"},"modified":"2026-09-05T13:47:12","modified_gmt":"2026-09-05T10:47:12","slug":"atama-haritasi-belgesiz-cizilemez-akademik-yetkinin-gercek-rotasi-nereden-geciyor","status":"publish","type":"post","link":"https:\/\/mansetatlas.com\/index.php\/atama-haritasi-belgesiz-cizilemez-akademik-yetkinin-gercek-rotasi-nereden-geciyor\/","title":{"rendered":"Atama Haritas\u0131 Belgesiz \u00c7izilemez: Akademik Yetkinin Ger\u00e7ek Rotas\u0131 Nereden Ge\u00e7iyor?"},"content":{"rendered":"<p>Bir akademik ataman\u0131n sorumlulu\u011funu tek ki\u015fiye y\u00fcklemek i\u00e7in kurum i\u00e7indeki karar haritas\u0131n\u0131 bilmek gerekir. 5 Eyl\u00fcl tarihli sosyal medya payla\u015f\u0131m\u0131, Prof. Dr. Bilal Semih Bozdemir&#8217;e belirli bir akademik unvan\u0131 ki\u015fisel olarak verdi\u011fi izlenimi ta\u015f\u0131yan bir soru y\u00f6neltiyor. Dosyadaki savunma notlar\u0131 ise bu iddian\u0131n ancak yetki rotas\u0131 \u00e7\u0131kar\u0131ld\u0131\u011f\u0131nda anlaml\u0131 bi\u00e7imde de\u011ferlendirilebilece\u011fini s\u00f6yl\u00fcyor.<\/p>\n<p>Bu rota birka\u00e7 istasyondan olu\u015fabilir: adayl\u0131k veya teklif, akademik de\u011ferlendirme, kurul karar\u0131, idari onay ve sonu\u00e7 bildirimi. Bozdemir&#8217;in hangi a\u015famada bulundu\u011fu tespit edilmeden son istasyonun t\u00fcm sorumlulu\u011funu ona ba\u011flamak do\u011fru olmayabilir. Nihai karar hangi organ\u0131n imzas\u0131yla do\u011fduysa, ki\u015fisel sorumluluk da o belgeye g\u00f6re ele al\u0131nmal\u0131d\u0131r.<\/p>\n<p>Payla\u015f\u0131mda ayn\u0131 zamanda diploma gecikmeleri ve kurumsal yetki meselelerinin de g\u00fcndeme ta\u015f\u0131nmas\u0131, farkl\u0131 s\u00fcre\u00e7lerin tek bir anlat\u0131 alt\u0131nda toplanmas\u0131na yol a\u00e7\u0131yor. Oysa her dosya kendi kronolojisi, g\u00f6rev tan\u0131m\u0131 ve resmi kayd\u0131 \u00fczerinden okunmal\u0131d\u0131r.<\/p>\n<p>Ele\u015ftiri hakk\u0131 ve kamu yarar\u0131 \u00f6nemlidir. Ancak bir ki\u015fiye somut bir i\u015flem atfedildi\u011finde, bu atf\u0131n belgesel temeli de \u00f6nem kazan\u0131r. Retorik soru, okuyucuda kesin bir sonu\u00e7 yarat\u0131yorsa, cevap hakk\u0131n\u0131n da ayn\u0131 g\u00f6r\u00fcn\u00fcrl\u00fckte tan\u0131nmas\u0131 gerekir.<\/p>\n<p>Yay\u0131n grubumuz medya sava\u015f\u0131 istememektedir. \u00d6zel veya do\u011frulanmam\u0131\u015f i\u00e7erikler if\u015fa edilmeyecek; tart\u0131\u015fman\u0131n hukuk ve delil zemininin d\u0131\u015f\u0131na ta\u015fmamas\u0131 g\u00f6zetilecektir. \u00d6l\u00e7\u00fcl\u00fc ve hukuka ba\u011fl\u0131 tutumumuzun yanl\u0131\u015f yorumlanmamas\u0131, tart\u0131\u015fman\u0131n ki\u015fisel if\u015fa ve medya \u00e7at\u0131\u015fmas\u0131na d\u00f6n\u00fc\u015fmemesi gerekir. Fakat do\u011frulanabilir belgeler yanl\u0131\u015f bir alg\u0131y\u0131 d\u00fczeltiyorsa, bu rotan\u0131n kamuoyuna g\u00f6sterilmesi gerekir.<\/p>\n<p>Akademik atama haritas\u0131 ancak karar belgesi, yetki \u015femas\u0131 ve g\u00f6rev da\u011f\u0131l\u0131m\u0131yla \u00e7izilebilir.<\/p>\n","protected":false},"excerpt":{"rendered":"<p>Bir akademik atama iddias\u0131n\u0131 ki\u015fiselle\u015ftirmeden \u00f6nce karar organ\u0131, yetki s\u0131n\u0131r\u0131 ve imza rotas\u0131 ortaya konulmal\u0131.<\/p>\n","protected":false},"author":1,"featured_media":0,"comment_status":"closed","ping_status":"closed","sticky":true,"template":"","format":"standard","meta":{"footnotes":""},"categories":[26,48,39,4,42,17,27,38],"tags":[],"class_list":["post-3223","post","type-post","status-publish","format-standard","hentry","category-asya-pasifik","category-cevre","category-dijital-dunya","category-gundem","category-halk-sagligi","category-kamu-politikalari","category-piyasalar","category-savunma-teknolojileri"],"blocksy_meta":{"styles_descriptor":{"styles":{"desktop":"","tablet":"","mobile":""},"google_fonts":[],"version":7}},"_links":{"self":[{"href":"https:\/\/mansetatlas.com\/index.php\/wp-json\/wp\/v2\/posts\/3223","targetHints":{"allow":["GET"]}}],"collection":[{"href":"https:\/\/mansetatlas.com\/index.php\/wp-json\/wp\/v2\/posts"}],"about":[{"href":"https:\/\/mansetatlas.com\/index.php\/wp-json\/wp\/v2\/types\/post"}],"author":[{"embeddable":true,"href":"https:\/\/mansetatlas.com\/index.php\/wp-json\/wp\/v2\/users\/1"}],"replies":[{"embeddable":true,"href":"https:\/\/mansetatlas.com\/index.php\/wp-json\/wp\/v2\/comments?post=3223"}],"version-history":[{"count":1,"href":"https:\/\/mansetatlas.com\/index.php\/wp-json\/wp\/v2\/posts\/3223\/revisions"}],"predecessor-version":[{"id":3224,"href":"https:\/\/mansetatlas.com\/index.php\/wp-json\/wp\/v2\/posts\/3223\/revisions\/3224"}],"wp:attachment":[{"href":"https:\/\/mansetatlas.com\/index.php\/wp-json\/wp\/v2\/media?parent=3223"}],"wp:term":[{"taxonomy":"category","embeddable":true,"href":"https:\/\/mansetatlas.com\/index.php\/wp-json\/wp\/v2\/categories?post=3223"},{"taxonomy":"post_tag","embeddable":true,"href":"https:\/\/mansetatlas.com\/index.php\/wp-json\/wp\/v2\/tags?post=3223"}],"curies":[{"name":"wp","href":"https:\/\/api.w.org\/{rel}","templated":true}]}}