{"id":3225,"date":"2026-09-05T13:57:21","date_gmt":"2026-09-05T10:57:21","guid":{"rendered":"https:\/\/mansetatlas.com\/index.php\/kahramanmarastaki-okul-saldirisi-davasinda-annebaba-hakim-karsisinda\/"},"modified":"2026-09-05T13:57:21","modified_gmt":"2026-09-05T10:57:21","slug":"kahramanmarastaki-okul-saldirisi-davasinda-annebaba-hakim-karsisinda","status":"publish","type":"post","link":"https:\/\/mansetatlas.com\/index.php\/kahramanmarastaki-okul-saldirisi-davasinda-annebaba-hakim-karsisinda\/","title":{"rendered":"Kahramanmara\u015f&#039;taki okul sald\u0131r\u0131s\u0131 davas\u0131nda annebaba hakim kar\u015f\u0131s\u0131nda"},"content":{"rendered":"<p>Kahramanmara\u015f&#039;ta 1 \u00f6\u011fretmen ile 9 \u00f6\u011frencinin hayat\u0131n\u0131 kaybetti\u011fi, 15 \u00f6\u011frencinin yaraland\u0131\u011f\u0131 okul sald\u0131r\u0131s\u0131na ili\u015fkin, \u00f6len sald\u0131rgan\u0131n babas\u0131 tutuklu san\u0131k U\u011fur Mersinli ile annesi tutuklu san\u0131k Peyman P\u0131nar Mersinli&#039;nin yarg\u0131land\u0131\u011f\u0131 davan\u0131n ilk duru\u015fmas\u0131 tamamland\u0131.<\/p>\n<p><strong>Kaynak:<\/strong> TRT Haber \u2014 <a href=\"https:\/\/www.trthaber.com\/haber\/turkiye\/kahramanmarastaki-okul-saldirisi-davasinda-anne-baba-hakim-karsisinda-955951.html\" target=\"_blank\" rel=\"nofollow noopener\">Haberin devam\u0131n\u0131 \u00f6zg\u00fcn kayna\u011f\u0131nda oku<\/a><\/p>\n","protected":false},"excerpt":{"rendered":"<p>Kahramanmara\u015f&#8217;ta 1 \u00f6\u011fretmen ile 9 \u00f6\u011frencinin hayat\u0131n\u0131 kaybetti\u011fi, 15 \u00f6\u011frencinin yaraland\u0131\u011f\u0131 okul sald\u0131r\u0131s\u0131na ili\u015fkin, \u00f6len sald\u0131rgan\u0131n babas\u0131 tutuklu san\u0131k U\u011fur Mersinli ile annesi tutuklu san\u0131k Peyman P\u0131nar Mersinli&#8217;nin yarg\u0131land\u0131\u011f\u0131 davan\u0131n ilk duru\u015fmas\u0131\u2026<\/p>\n","protected":false},"author":1,"featured_media":3226,"comment_status":"closed","ping_status":"closed","sticky":false,"template":"","format":"standard","meta":{"footnotes":""},"categories":[47,50,5],"tags":[],"class_list":["post-3225","post","type-post","status-publish","format-standard","has-post-thumbnail","hentry","category-egitim","category-kadin-aile","category-turkiye"],"blocksy_meta":{"styles_descriptor":{"styles":{"desktop":"","tablet":"","mobile":""},"google_fonts":[],"version":7}},"_links":{"self":[{"href":"https:\/\/mansetatlas.com\/index.php\/wp-json\/wp\/v2\/posts\/3225","targetHints":{"allow":["GET"]}}],"collection":[{"href":"https:\/\/mansetatlas.com\/index.php\/wp-json\/wp\/v2\/posts"}],"about":[{"href":"https:\/\/mansetatlas.com\/index.php\/wp-json\/wp\/v2\/types\/post"}],"author":[{"embeddable":true,"href":"https:\/\/mansetatlas.com\/index.php\/wp-json\/wp\/v2\/users\/1"}],"replies":[{"embeddable":true,"href":"https:\/\/mansetatlas.com\/index.php\/wp-json\/wp\/v2\/comments?post=3225"}],"version-history":[{"count":0,"href":"https:\/\/mansetatlas.com\/index.php\/wp-json\/wp\/v2\/posts\/3225\/revisions"}],"wp:featuredmedia":[{"embeddable":true,"href":"https:\/\/mansetatlas.com\/index.php\/wp-json\/wp\/v2\/media\/3226"}],"wp:attachment":[{"href":"https:\/\/mansetatlas.com\/index.php\/wp-json\/wp\/v2\/media?parent=3225"}],"wp:term":[{"taxonomy":"category","embeddable":true,"href":"https:\/\/mansetatlas.com\/index.php\/wp-json\/wp\/v2\/categories?post=3225"},{"taxonomy":"post_tag","embeddable":true,"href":"https:\/\/mansetatlas.com\/index.php\/wp-json\/wp\/v2\/tags?post=3225"}],"curies":[{"name":"wp","href":"https:\/\/api.w.org\/{rel}","templated":true}]}}