{"id":3231,"date":"2026-09-05T14:58:33","date_gmt":"2026-09-05T11:58:33","guid":{"rendered":"https:\/\/mansetatlas.com\/index.php\/kktcdeki-gemi-kazasinda-hayatini-kaybeden-demirin-cenazesi-eskisehire-getirildi\/"},"modified":"2026-09-05T14:58:33","modified_gmt":"2026-09-05T11:58:33","slug":"kktcdeki-gemi-kazasinda-hayatini-kaybeden-demirin-cenazesi-eskisehire-getirildi","status":"publish","type":"post","link":"https:\/\/mansetatlas.com\/index.php\/kktcdeki-gemi-kazasinda-hayatini-kaybeden-demirin-cenazesi-eskisehire-getirildi\/","title":{"rendered":"KKTC&#039;deki gemi kazas\u0131nda hayat\u0131n\u0131 kaybeden Demir&#039;in cenazesi Eski\u015fehir&#039;e getirildi"},"content":{"rendered":"<p>Kuzey K\u0131br\u0131s T\u00fcrk Cumhuriyeti&#039;nin (KKTC) Girne Liman\u0131 a\u00e7\u0131\u011f\u0131nda yolcu gemisinin alabora olmas\u0131 sonucu kaybolan ve denizden cans\u0131z bedeni \u00e7\u0131kar\u0131lan 58 ya\u015f\u0131ndaki Elmas Demir&#039;in cenazesi memleketi Eski\u015fehir&#039;e getirildi.<\/p>\n<p><strong>Kaynak:<\/strong> TRT Haber \u2014 <a href=\"https:\/\/www.trthaber.com\/haber\/turkiye\/kktcdeki-gemi-kazasinda-hayatini-kaybeden-demirin-cenazesi-eskisehire-getirildi-955950.html\" target=\"_blank\" rel=\"nofollow noopener\">Haberin devam\u0131n\u0131 \u00f6zg\u00fcn kayna\u011f\u0131nda oku<\/a><\/p>\n","protected":false},"excerpt":{"rendered":"<p>Kuzey K\u0131br\u0131s T\u00fcrk Cumhuriyeti&#8217;nin (KKTC) Girne Liman\u0131 a\u00e7\u0131\u011f\u0131nda yolcu gemisinin alabora olmas\u0131 sonucu kaybolan ve denizden cans\u0131z bedeni \u00e7\u0131kar\u0131lan 58 ya\u015f\u0131ndaki Elmas Demir&#8217;in cenazesi memleketi Eski\u015fehir&#8217;e getirildi.<\/p>\n","protected":false},"author":1,"featured_media":3232,"comment_status":"closed","ping_status":"closed","sticky":false,"template":"","format":"standard","meta":{"footnotes":""},"categories":[42,5],"tags":[],"class_list":["post-3231","post","type-post","status-publish","format-standard","has-post-thumbnail","hentry","category-halk-sagligi","category-turkiye"],"blocksy_meta":{"styles_descriptor":{"styles":{"desktop":"","tablet":"","mobile":""},"google_fonts":[],"version":7}},"_links":{"self":[{"href":"https:\/\/mansetatlas.com\/index.php\/wp-json\/wp\/v2\/posts\/3231","targetHints":{"allow":["GET"]}}],"collection":[{"href":"https:\/\/mansetatlas.com\/index.php\/wp-json\/wp\/v2\/posts"}],"about":[{"href":"https:\/\/mansetatlas.com\/index.php\/wp-json\/wp\/v2\/types\/post"}],"author":[{"embeddable":true,"href":"https:\/\/mansetatlas.com\/index.php\/wp-json\/wp\/v2\/users\/1"}],"replies":[{"embeddable":true,"href":"https:\/\/mansetatlas.com\/index.php\/wp-json\/wp\/v2\/comments?post=3231"}],"version-history":[{"count":0,"href":"https:\/\/mansetatlas.com\/index.php\/wp-json\/wp\/v2\/posts\/3231\/revisions"}],"wp:featuredmedia":[{"embeddable":true,"href":"https:\/\/mansetatlas.com\/index.php\/wp-json\/wp\/v2\/media\/3232"}],"wp:attachment":[{"href":"https:\/\/mansetatlas.com\/index.php\/wp-json\/wp\/v2\/media?parent=3231"}],"wp:term":[{"taxonomy":"category","embeddable":true,"href":"https:\/\/mansetatlas.com\/index.php\/wp-json\/wp\/v2\/categories?post=3231"},{"taxonomy":"post_tag","embeddable":true,"href":"https:\/\/mansetatlas.com\/index.php\/wp-json\/wp\/v2\/tags?post=3231"}],"curies":[{"name":"wp","href":"https:\/\/api.w.org\/{rel}","templated":true}]}}