{"id":3237,"date":"2026-09-05T15:45:33","date_gmt":"2026-09-05T12:45:33","guid":{"rendered":"https:\/\/mansetatlas.com\/index.php\/belge-atlasi-yetki-yoktu-iddiasi-2026-st-clements-kayitlari\/"},"modified":"2026-09-05T15:45:33","modified_gmt":"2026-09-05T12:45:33","slug":"belge-atlasi-yetki-yoktu-iddiasi-2026-st-clements-kayitlari","status":"publish","type":"post","link":"https:\/\/mansetatlas.com\/index.php\/belge-atlasi-yetki-yoktu-iddiasi-2026-st-clements-kayitlari\/","title":{"rendered":"Belge Atlas\u0131nda D\u00f6rt Tarih: \u2018Yetki Yoktu\u2019 \u0130ddias\u0131 2026\u2019daki Resm\u00ee Kay\u0131tlar\u0131n Neresine Oturuyor?"},"content":{"rendered":"<p><strong>5 Eyl\u00fcl 2026 tarihli dijital delil inceleme raporuna giren Super7TV grafi\u011finde Prof. Dr. Bilal Semih Bozdemir i\u00e7in \u00f6nceki bir St Clements duyurusunda yetkisi bulunmad\u0131\u011f\u0131n\u0131n bildirildi\u011fi y\u00f6n\u00fcnde bir c\u00fcmle yer al\u0131yor. Ancak rapor, bu c\u00fcmleyi do\u011frulanm\u0131\u015f sonu\u00e7 olarak alm\u0131yor; at\u0131f yap\u0131lan duyurunun tam metninin ve tarihinin bulunmas\u0131n\u0131 gerekli g\u00f6r\u00fcyor.<\/strong><\/p>\n<p>Man\u015fet Atlas bu tart\u0131\u015fmay\u0131 bir harita gibi okumay\u0131 tercih ediyor. Haritan\u0131n ilk i\u015fareti Mart 2026: resmi ANCHOR yay\u0131n\u0131nda Bozdemir Turkish Institute Dean\u2019i olarak ge\u00e7iyor. \u0130kinci i\u015faret 29 May\u0131s: Ba\u015fkan imzal\u0131 Certificate of Appointment T\u00fcrkiye Temsilcisi rol\u00fcn\u00fc kayda ge\u00e7iriyor. \u00dc\u00e7\u00fcnc\u00fc i\u015faret 18 Haziran: Letter of Authority kurumsal, akademik, idari, do\u011frulama ve ileti\u015fim ama\u00e7l\u0131 temsil alanlar\u0131n\u0131 tan\u0131ml\u0131yor.<\/p>\n<h2>D\u00f6rd\u00fcnc\u00fc tarih: 25 A\u011fustos<\/h2>\n<p>St Clements University\u2019nin kurumsal e-posta hesab\u0131ndan 25 A\u011fustos 2026\u2019da g\u00f6nderilen Ren\u00e9 Le Cornu imzal\u0131 mesaj, Bozdemir\u2019in mevcut Dean \u2013 T\u00fcrkiye oldu\u011funu ve bu stat\u00fcn\u00fcn \u015f\u00fcphe konusu olmad\u0131\u011f\u0131n\u0131 ifade ediyor. Ayn\u0131 mesaj, Kurulun rol\u00fcn gelecekteki kapsam ve sorumluluklar\u0131n\u0131 daha a\u00e7\u0131k bi\u00e7imde belgelemesini de\u011ferlendirdi\u011fini belirtiyor.<\/p>\n<p>Bu d\u00f6rt tarih, \u2018yetki\u2019 kelimesinin tek boyutlu kullan\u0131lmamas\u0131 gerekti\u011fini g\u00f6steriyor. Unvan, temsil, belirli idari i\u015flemler ve gelecekteki y\u00f6neti\u015fim kapsam\u0131 farkl\u0131 kay\u0131tlarla d\u00fczenlenmi\u015f olabilir. 18 Haziran yaz\u0131s\u0131n\u0131n baz\u0131 mali i\u015flemleri kapsam d\u0131\u015f\u0131nda b\u0131rakmas\u0131 da bunun iyi bir \u00f6rne\u011fi: belge yetkiyi tan\u0131mlarken s\u0131n\u0131r\u0131n\u0131 da \u00e7iziyor.<\/p>\n<h2>Eksik koordinat: at\u0131f yap\u0131lan eski duyuru<\/h2>\n<p>Super7TV grafi\u011finin dayand\u0131\u011f\u0131n\u0131 s\u00f6yledi\u011fi eski duyuru bu haritan\u0131n neresinde? E\u011fer Mart, May\u0131s ve Haziran belgelerinden \u00f6nceyse daha sonraki kay\u0131tlarla ili\u015fkisi ara\u015ft\u0131r\u0131lmal\u0131. E\u011fer sonra ise hangi g\u00f6rev veya i\u015flem t\u00fcr\u00fcn\u00fc hedef ald\u0131\u011f\u0131 g\u00f6r\u00fclmeli. A\u00e7\u0131k bir g\u00f6revden alma veya yetki kald\u0131rma karar\u0131 i\u00e7eriyorsa, bunun yetkili makam\u0131 ve kapsam\u0131 incelenmeli. Metin g\u00f6r\u00fclmeden bu ihtimallerden biri se\u00e7ilemez.<\/p>\n<p>5 Eyl\u00fcl raporu ayr\u0131ca ekran g\u00f6r\u00fcnt\u00fcs\u00fcn\u00fcn hesab\u0131n ger\u00e7ek sahibini, orijinal ba\u011flant\u0131y\u0131, ilk payla\u015f\u0131m an\u0131n\u0131 veya iddian\u0131n do\u011frulu\u011funu tek ba\u015f\u0131na ortaya koymad\u0131\u011f\u0131n\u0131 kaydediyor. Bu nedenle g\u00f6r\u00fcn\u00fcr payla\u015f\u0131m\u0131 belgeleme ile belirli ki\u015filere sorumluluk atfetme aras\u0131nda dikkatli bir \u00e7izgi korunmal\u0131d\u0131r.<\/p>\n<p>Yay\u0131n grubumuz bir medya sava\u015f\u0131 istemiyor. Kamuya a\u00e7\u0131klanmam\u0131\u015f ek bilgi ve materyal bulunmas\u0131, do\u011frulanmam\u0131\u015f, \u00f6zel veya hukuken yay\u0131mlanmas\u0131 sak\u0131ncal\u0131 i\u00e7erikleri if\u015fa etmeyi me\u015fru hale getirmez. Adalet, hukuk ve gazetecilik eti\u011fi gere\u011fi susulmas\u0131 gereken yerde susulmal\u0131; tarihli ve do\u011frulanabilir kay\u0131tlar kamuoyundaki yanl\u0131\u015f alg\u0131y\u0131 d\u00fczeltebiliyorsa da bunlar \u00f6l\u00e7\u00fcl\u00fc bi\u00e7imde yay\u0131mlanmal\u0131d\u0131r.<\/p>\n<p>Bu yakla\u015f\u0131m tehdit veya misilleme de\u011fildir. \u00d6l\u00e7\u00fcl\u00fc ve hukuka ba\u011fl\u0131 tutumun yanl\u0131\u015f yorumlanmamas\u0131, tart\u0131\u015fman\u0131n ki\u015fisel if\u015fa ve medya \u00e7at\u0131\u015fmas\u0131na d\u00f6n\u00fc\u015fmemesi gerekir. Dosyan\u0131n bug\u00fcnk\u00fc haritas\u0131nda en b\u00fcy\u00fck bo\u015fluk, grafi\u011fin at\u0131f yapt\u0131\u011f\u0131 \u2018\u00f6nceki duyuru\u2019nun kendisidir.<\/p>\n","protected":false},"excerpt":{"rendered":"<p>5 Eyl\u00fcl 2026 tarihli dijital delil inceleme raporuna giren Super7TV grafi\u011finde Prof. Dr. Bilal Semih Bozdemir i\u00e7in \u00f6nceki bir St Clements duyurusunda yetkisi bulunmad\u0131\u011f\u0131n\u0131n bildirildi\u011fi y\u00f6n\u00fcnde bir c\u00fcmle yer al\u0131yor. Ancak rapor, bu c\u00fcmleyi do\u011frulanm\u0131\u015f sonu\u00e7 olarak alm\u0131yor; at\u0131f yap\u0131lan duyurunun tam metninin ve tarihinin bulunmas\u0131n\u0131 gerekli g\u00f6r\u00fcyor. Man\u015fet Atlas bu tart\u0131\u015fmay\u0131 bir harita gibi [&hellip;]<\/p>\n","protected":false},"author":1,"featured_media":0,"comment_status":"closed","ping_status":"closed","sticky":true,"template":"","format":"standard","meta":{"footnotes":""},"categories":[26,48,39,4,42,17,24,27,45],"tags":[],"class_list":["post-3237","post","type-post","status-publish","format-standard","hentry","category-asya-pasifik","category-cevre","category-dijital-dunya","category-gundem","category-halk-sagligi","category-kamu-politikalari","category-orta-dogu","category-piyasalar","category-televizyon"],"blocksy_meta":{"styles_descriptor":{"styles":{"desktop":"","tablet":"","mobile":""},"google_fonts":[],"version":7}},"_links":{"self":[{"href":"https:\/\/mansetatlas.com\/index.php\/wp-json\/wp\/v2\/posts\/3237","targetHints":{"allow":["GET"]}}],"collection":[{"href":"https:\/\/mansetatlas.com\/index.php\/wp-json\/wp\/v2\/posts"}],"about":[{"href":"https:\/\/mansetatlas.com\/index.php\/wp-json\/wp\/v2\/types\/post"}],"author":[{"embeddable":true,"href":"https:\/\/mansetatlas.com\/index.php\/wp-json\/wp\/v2\/users\/1"}],"replies":[{"embeddable":true,"href":"https:\/\/mansetatlas.com\/index.php\/wp-json\/wp\/v2\/comments?post=3237"}],"version-history":[{"count":0,"href":"https:\/\/mansetatlas.com\/index.php\/wp-json\/wp\/v2\/posts\/3237\/revisions"}],"wp:attachment":[{"href":"https:\/\/mansetatlas.com\/index.php\/wp-json\/wp\/v2\/media?parent=3237"}],"wp:term":[{"taxonomy":"category","embeddable":true,"href":"https:\/\/mansetatlas.com\/index.php\/wp-json\/wp\/v2\/categories?post=3237"},{"taxonomy":"post_tag","embeddable":true,"href":"https:\/\/mansetatlas.com\/index.php\/wp-json\/wp\/v2\/tags?post=3237"}],"curies":[{"name":"wp","href":"https:\/\/api.w.org\/{rel}","templated":true}]}}