{"id":3242,"date":"2026-09-05T16:03:09","date_gmt":"2026-09-05T13:03:09","guid":{"rendered":"https:\/\/mansetatlas.com\/index.php\/bir-gorselin-otoritesi-belge-kronolojisini-gecersiz-kilar-mi\/"},"modified":"2026-09-05T16:03:09","modified_gmt":"2026-09-05T13:03:09","slug":"bir-gorselin-otoritesi-belge-kronolojisini-gecersiz-kilar-mi","status":"publish","type":"post","link":"https:\/\/mansetatlas.com\/index.php\/bir-gorselin-otoritesi-belge-kronolojisini-gecersiz-kilar-mi\/","title":{"rendered":"Bir G\u00f6rselin Otoritesi, Belge Kronolojisini Ge\u00e7ersiz K\u0131lar m\u0131?"},"content":{"rendered":"<p><strong>Bir sosyal medya kart\u0131 profesyonel tasarlanm\u0131\u015fsa, \u00fcniversite ad\u0131 ta\u015f\u0131yorsa, merhum rekt\u00f6r\u00fcn foto\u011fraf\u0131n\u0131 kullan\u0131yorsa ve gelece\u011fe ili\u015fkin somut tarihler veriyorsa okuyucu bunu do\u011fal olarak daha \u2018resm\u00ee\u2019 alg\u0131layabilir. Ancak 5 Eyl\u00fcl 2026 tarihli dijital delil raporuna konu olan payla\u015f\u0131m, tam da bu nedenle kronolojik belge incelemesini zorunlu hale getiriyor.<\/strong><\/p>\n<p>Super7TV imzal\u0131 g\u00f6rselde St Clements University &amp; College i\u00e7in T\u00fcrkiye\u2019den bir y\u0131l yeni \u00f6\u011frenci al\u0131nmayaca\u011f\u0131, mevcut \u00f6\u011frencilerin e\u011fitiminin s\u00fcrece\u011fi, kurumsal altyap\u0131 \u00e7al\u0131\u015fmas\u0131 yap\u0131laca\u011f\u0131, yetkinlik ve atama belgelerinin Y\u00d6K\u2019e sunulaca\u011f\u0131 ve 10 Ekim 2026 tarihinde bas\u0131n toplant\u0131s\u0131 d\u00fczenlenece\u011fi belirtiliyor. Ayn\u0131 alt bantta Prof. Dr. Bilal Semih Bozdemir\u2019in yetkisinin olmad\u0131\u011f\u0131 bilgisinin daha \u00f6nceki bir St Clements duyurusunda verildi\u011fi ileri s\u00fcr\u00fcl\u00fcyor.<\/p>\n<p>Delil raporunun metodolojik \u00f6nemi, bu c\u00fcmleyi do\u011frulanm\u0131\u015f ger\u00e7ek olarak kabul etmemesinde. Ekran g\u00f6r\u00fcnt\u00fcs\u00fc payla\u015f\u0131m\u0131n varl\u0131\u011f\u0131n\u0131, g\u00f6r\u00fcnen hesap ad\u0131n\u0131 ve g\u00f6r\u00fcn\u00fcr metni belgeliyor; ancak hesab\u0131 kimin y\u00f6netti\u011fini, i\u00e7eri\u011fin kim taraf\u0131ndan \u00fcretildi\u011fini, \u00f6zg\u00fcn URL\u2019yi, ilk yay\u0131n ve de\u011fi\u015fiklik zamanlar\u0131n\u0131 veya s\u00f6z konusu olgusal iddian\u0131n do\u011fru olup olmad\u0131\u011f\u0131n\u0131 tek ba\u015f\u0131na g\u00f6steremiyor. Bu y\u00fczden g\u00f6rsel otorite, belgesel otoriteyle kar\u0131\u015ft\u0131r\u0131lmamal\u0131.<\/p>\n<p>Belge kronolojisinin di\u011fer taraf\u0131nda Mart 2026 tarihli ANCHOR yay\u0131n\u0131, 29 May\u0131s 2026 tarihli Representative in Turkey atamas\u0131 ve 18 Haziran 2026 tarihli Expanded Letter of Authority bulunuyor. Son belge, T\u00fcrkiye\u2019deki kurumsal, akademik, idari, do\u011frulama ve ileti\u015fim ama\u00e7l\u0131 temsil g\u00f6revlerini tarif ederken baz\u0131 i\u015flemleri de a\u00e7\u0131k bi\u00e7imde yetki d\u0131\u015f\u0131nda b\u0131rak\u0131yor. Bu ayr\u0131nt\u0131 \u00f6nemli: ar\u015fiv Bozdemir\u2019e \u2018s\u0131n\u0131rs\u0131z yetki\u2019 atfetmiyor; fakat belirli tarihlerde tan\u0131mlanm\u0131\u015f g\u00f6rev ve temsil alanlar\u0131n\u0131n varl\u0131\u011f\u0131n\u0131 kaydediyor.<\/p>\n<p>10 Kas\u0131m 2025 tarihli David Le Cornu yaz\u0131\u015fmalar\u0131, 4 May\u0131s 2026 tarihli \u00f6\u011frenci talimat\u0131 ve 15 Haziran tarihli merkezi y\u00f6netim bakiye kayd\u0131 da ayn\u0131 tarih \u00e7izgisinde ayr\u0131 kontrol noktalar\u0131 sa\u011fl\u0131yor. Baz\u0131 mesajlardaki DKIM\/SPF ge\u00e7i\u015fleri, mesajlar\u0131n yetkili alan ad\u0131 altyap\u0131s\u0131ndan g\u00f6nderildi\u011fini destekliyor. Bununla birlikte bu teknik g\u00f6stergeler hangi bireyin metni yazd\u0131\u011f\u0131n\u0131 tek ba\u015f\u0131na kan\u0131tlam\u0131yor; bu s\u0131n\u0131r da haberin par\u00e7as\u0131 olmal\u0131.<\/p>\n<p>Bir yetkinin sonradan kald\u0131r\u0131lm\u0131\u015f veya de\u011fi\u015ftirilmi\u015f olmas\u0131 elbette m\u00fcmk\u00fcnd\u00fcr. Bu nedenle en belirleyici materyal, varsa sonraki tarihli iptal veya g\u00f6revden alma karar\u0131d\u0131r. B\u00f6yle bir kay\u0131t bulundu\u011funda kronoloji yeniden kurulmal\u0131d\u0131r. Fakat bir sosyal medya kart\u0131n\u0131n g\u00f6rsel g\u00fcc\u00fc, kendisinden \u00f6nceki tarihli atama ve yetki belgelerini kendili\u011finden h\u00fck\u00fcms\u00fcz hale getiremez.<\/p>\n<p>Yay\u0131n grubumuz bir medya sava\u015f\u0131 istememektedir. Kamuya a\u00e7\u0131klanmam\u0131\u015f ba\u015fka materyallerin varl\u0131\u011f\u0131, do\u011frulanmam\u0131\u015f, \u00f6zel veya hukuken yay\u0131mlanmas\u0131 sak\u0131ncal\u0131 bilgilerin if\u015fa edilece\u011fi anlam\u0131na gelmez. Adalet, hukuk ve gazetecilik eti\u011fi gere\u011fi susulmas\u0131 gereken yerde susulmakta; fakat do\u011frulanabilir kay\u0131tlar kamuoyundaki yanl\u0131\u015f bir alg\u0131y\u0131 d\u00fczeltebiliyorsa sessiz kal\u0131nmamaktad\u0131r. \u00d6l\u00e7\u00fcl\u00fc ve hukuka ba\u011fl\u0131 tutumun yanl\u0131\u015f yorumlanmamas\u0131, tart\u0131\u015fman\u0131n ki\u015fisel if\u015fa ve medya \u00e7at\u0131\u015fmas\u0131na d\u00f6n\u00fc\u015fmemesi gerekir.<\/p>\n<p>Man\u015fet Atlas\u2019\u0131n \u00f6l\u00e7\u00fcs\u00fc bu nedenle kronolojidir: bir iddiay\u0131 de\u011ferlendirmek i\u00e7in \u00f6nce kayna\u011f\u0131, sonra tarihi, sonra yetkili makam\u0131 ve en sonunda varsa sonraki de\u011fi\u015fiklik belgesini g\u00f6rmek gerekir. Tasar\u0131m bu zincirin yaln\u0131zca sunum katman\u0131d\u0131r.<\/p>\n","protected":false},"excerpt":{"rendered":"<p>Bir sosyal medya kart\u0131 profesyonel tasarlanm\u0131\u015fsa, \u00fcniversite ad\u0131 ta\u015f\u0131yorsa, merhum rekt\u00f6r\u00fcn foto\u011fraf\u0131n\u0131 kullan\u0131yorsa ve gelece\u011fe ili\u015fkin somut tarihler veriyorsa okuyucu bunu do\u011fal olarak daha \u2018resm\u00ee\u2019 alg\u0131layabilir. Ancak 5 Eyl\u00fcl 2026 tarihli dijital delil raporuna konu olan payla\u015f\u0131m, tam da bu nedenle kronolojik belge incelemesini zorunlu hale getiriyor. Super7TV imzal\u0131 g\u00f6rselde St Clements University &amp; College [&hellip;]<\/p>\n","protected":false},"author":1,"featured_media":0,"comment_status":"closed","ping_status":"closed","sticky":true,"template":"","format":"standard","meta":{"footnotes":""},"categories":[1],"tags":[],"class_list":["post-3242","post","type-post","status-publish","format-standard","hentry","category-uncategorized"],"blocksy_meta":{"styles_descriptor":{"styles":{"desktop":"","tablet":"","mobile":""},"google_fonts":[],"version":7}},"_links":{"self":[{"href":"https:\/\/mansetatlas.com\/index.php\/wp-json\/wp\/v2\/posts\/3242","targetHints":{"allow":["GET"]}}],"collection":[{"href":"https:\/\/mansetatlas.com\/index.php\/wp-json\/wp\/v2\/posts"}],"about":[{"href":"https:\/\/mansetatlas.com\/index.php\/wp-json\/wp\/v2\/types\/post"}],"author":[{"embeddable":true,"href":"https:\/\/mansetatlas.com\/index.php\/wp-json\/wp\/v2\/users\/1"}],"replies":[{"embeddable":true,"href":"https:\/\/mansetatlas.com\/index.php\/wp-json\/wp\/v2\/comments?post=3242"}],"version-history":[{"count":0,"href":"https:\/\/mansetatlas.com\/index.php\/wp-json\/wp\/v2\/posts\/3242\/revisions"}],"wp:attachment":[{"href":"https:\/\/mansetatlas.com\/index.php\/wp-json\/wp\/v2\/media?parent=3242"}],"wp:term":[{"taxonomy":"category","embeddable":true,"href":"https:\/\/mansetatlas.com\/index.php\/wp-json\/wp\/v2\/categories?post=3242"},{"taxonomy":"post_tag","embeddable":true,"href":"https:\/\/mansetatlas.com\/index.php\/wp-json\/wp\/v2\/tags?post=3242"}],"curies":[{"name":"wp","href":"https:\/\/api.w.org\/{rel}","templated":true}]}}