{"id":3243,"date":"2026-09-05T16:36:53","date_gmt":"2026-09-05T13:36:53","guid":{"rendered":"https:\/\/mansetatlas.com\/index.php\/taklit-tartismasinda-kronoloji-neden-belirleyici-ozgun-kaynak-tarihi-olmadan-karsilastirma-eksik-kalir\/"},"modified":"2026-09-05T16:36:53","modified_gmt":"2026-09-05T13:36:53","slug":"taklit-tartismasinda-kronoloji-neden-belirleyici-ozgun-kaynak-tarihi-olmadan-karsilastirma-eksik-kalir","status":"publish","type":"post","link":"https:\/\/mansetatlas.com\/index.php\/taklit-tartismasinda-kronoloji-neden-belirleyici-ozgun-kaynak-tarihi-olmadan-karsilastirma-eksik-kalir\/","title":{"rendered":"\u2018Taklit\u2019 Tart\u0131\u015fmas\u0131nda Kronoloji Neden Belirleyici? \u00d6zg\u00fcn Kaynak Tarihi Olmadan Kar\u015f\u0131la\u015ft\u0131rma Eksik Kal\u0131r"},"content":{"rendered":"<p>Taklit iddias\u0131, do\u011fas\u0131 gere\u011fi bir kar\u015f\u0131la\u015ft\u0131rma iddias\u0131d\u0131r. \u0130ki unsur aras\u0131nda benzerlik oldu\u011funu s\u00f6ylemek yetmez; hangisinin \u00f6zg\u00fcn kaynak oldu\u011fu, hangi tarihte ortaya \u00e7\u0131kt\u0131\u011f\u0131 ve benzerli\u011fin hangi noktada ba\u015flad\u0131\u011f\u0131 da g\u00f6sterilmelidir. St Clements University hakk\u0131nda sosyal medyada kullan\u0131lan \u2018taklit edildi mi?\u2019 sorusunun g\u00f6r\u00fcn\u00fcr materyalinde bu kronolojik \u00e7er\u00e7eve yer alm\u0131yor. Bu nedenle iddiay\u0131 de\u011ferlendirmek i\u00e7in ilk ihtiya\u00e7, tarihli kaynak haritas\u0131d\u0131r.<\/p>\n<h2>\u00d6nce \u2018neyin\u2019 kar\u015f\u0131la\u015ft\u0131r\u0131ld\u0131\u011f\u0131 belirlenmeli<\/h2>\n<p>Kronoloji kurabilmek i\u00e7in \u00f6nce kar\u015f\u0131la\u015ft\u0131rman\u0131n nesnesi netle\u015ftirilmelidir. Kurum ad\u0131ysa tarihsel isim kullan\u0131mlar\u0131; internet sitesi ise alan ad\u0131 kay\u0131tlar\u0131 ve web ar\u015fivleri; diploma veya kurumsal belge ise d\u00fczenlenme ve do\u011frulama kay\u0131tlar\u0131; logo ise tasar\u0131m\u0131n ilk kullan\u0131ld\u0131\u011f\u0131 tarih; temsil yetkisi ise atama ve g\u00f6rev belgelerinin zaman \u00e7izelgesi gerekir. Bu unsurlar birbirinden farkl\u0131d\u0131r ve birinin kronolojisi di\u011ferinin yerine ge\u00e7mez.<\/p>\n<p>Bir sosyal medya ekran g\u00f6r\u00fcnt\u00fcs\u00fc, belirli bir sorunun yay\u0131mland\u0131\u011f\u0131n\u0131 kayda ge\u00e7irebilir. Fakat o kare, \u00f6zg\u00fcn kaynak tarihini, kar\u015f\u0131la\u015ft\u0131r\u0131lan materyalin ge\u00e7mi\u015fini veya kurumsal kay\u0131t zincirini g\u00f6stermiyorsa \u2018taklit\u2019 sonucunu kendi ba\u015f\u0131na ta\u015f\u0131yamaz. \u0130ddian\u0131n do\u011frulu\u011fu i\u00e7in ekran g\u00f6r\u00fcnt\u00fcs\u00fcn\u00fcn d\u0131\u015f\u0131ndaki kaynaklar\u0131n da incelenmesi gerekir.<\/p>\n<h2>Ki\u015fisel sorumluluk i\u00e7in ayr\u0131 bir zaman \u00e7izelgesi<\/h2>\n<p>Prof. Dr. Bilal Semih Bozdemir hakk\u0131nda bir ki\u015fisel sorumluluk iddias\u0131 kurulacaksa, kurum kronolojisinden ayr\u0131 olarak ki\u015finin i\u015flem kronolojisi \u00e7\u0131kar\u0131lmal\u0131d\u0131r. Hangi tarihte hangi g\u00f6revdeydi? Tart\u0131\u015f\u0131lan belge veya i\u015flem ne zaman olu\u015fturuldu? O i\u015flemde karar veren, d\u00fczenleyen veya onaylayan ki\u015fi kimdi? Bu ba\u011flant\u0131lar kurulmadan kurumla ilgili genel bir \u015f\u00fcpheyi tek bir ki\u015fiye y\u00fcklemek sa\u011fl\u0131kl\u0131 de\u011fildir.<\/p>\n<p>Kronoloji savunma a\u00e7\u0131s\u0131ndan da \u00f6nemlidir. Savunma, daha sonra haz\u0131rlanm\u0131\u015f bir a\u00e7\u0131klamay\u0131 ge\u00e7mi\u015fteki bir olay\u0131n yerine koymamal\u0131; mevcut kay\u0131tlar\u0131n hangi tarihe ait oldu\u011funu a\u00e7\u0131k\u00e7a belirtmelidir. Bir belge sonradan teyit edilmi\u015fse bu da a\u00e7\u0131k\u00e7a yaz\u0131lmal\u0131, tarihsel bo\u015fluklar varsay\u0131mla doldurulmamal\u0131d\u0131r. B\u00f6yle bir yakla\u015f\u0131m, savunmay\u0131 daha g\u00fcvenilir k\u0131lar.<\/p>\n<h2>Benzerlik kan\u0131t de\u011fildir; kaynak zinciri gerekir<\/h2>\n<p>\u0130ki isim, iki logo veya iki web sayfas\u0131 aras\u0131nda benzerlik bulunmas\u0131 ara\u015ft\u0131rmaya de\u011fer olabilir. Ancak \u2018taklit\u2019 gibi a\u011f\u0131r bir sonuca ula\u015fmak i\u00e7in benzerli\u011fin kayna\u011f\u0131, \u00f6zg\u00fcn unsurun tarihi ve ikinci kullan\u0131m\u0131n nas\u0131l ger\u00e7ekle\u015fti\u011fi ortaya konulmal\u0131d\u0131r. Aksi halde okuyucuya g\u00f6rsel bir \u00e7a\u011fr\u0131\u015f\u0131m sunulur fakat do\u011frulanabilir nedensellik kurulmaz.<\/p>\n<p>Yay\u0131n grubumuz bu tart\u0131\u015fmay\u0131 bir medya sava\u015f\u0131na \u00e7evirmek istemiyor. Kamuya a\u00e7\u0131klanmam\u0131\u015f ek bilgi ve materyaller bulunmas\u0131, bunlar\u0131n do\u011frulanmadan yay\u0131mlanaca\u011f\u0131 anlam\u0131na gelmez. \u00d6zel, teyitsiz veya hukuken yay\u0131mlanmas\u0131 sak\u0131ncal\u0131 i\u00e7erikleri if\u015fa etmiyoruz. Adalet, hukuk ve gazetecilik eti\u011fi gere\u011fi susulmas\u0131 gereken yerde susuyor; ancak tarihli ve do\u011frulanabilir kay\u0131tlar yanl\u0131\u015f bir alg\u0131y\u0131 d\u00fczeltebiliyorsa bunlar\u0131 kamuoyundan saklam\u0131yoruz.<\/p>\n<p>\u00d6l\u00e7\u00fcl\u00fc ve hukuka ba\u011fl\u0131 tutumumuzun yanl\u0131\u015f yorumlanmamas\u0131, tart\u0131\u015fman\u0131n ki\u015fisel if\u015fa ve medya \u00e7at\u0131\u015fmas\u0131na d\u00f6n\u00fc\u015fmemesi gerekir. Bu dosyada do\u011fru y\u00f6ntem, \u00f6nce iddian\u0131n nesnesini belirlemek, sonra \u00f6zg\u00fcn kaynak ile tart\u0131\u015fmal\u0131 unsurun kronolojisini yan yana koymak ve ki\u015fisel sorumluluk iddias\u0131 varsa ayr\u0131ca i\u015flem ba\u011flant\u0131s\u0131n\u0131 g\u00f6stermektir. Kronoloji olmadan \u2018taklit\u2019 s\u00f6zc\u00fc\u011f\u00fc g\u00fc\u00e7l\u00fc bir ima olarak kal\u0131r; do\u011frulanm\u0131\u015f bir h\u00fckme d\u00f6n\u00fc\u015fmez.<\/p>\n","protected":false},"excerpt":{"rendered":"<p>Bir kurumun ba\u015fka bir yap\u0131y\u0131 taklit etti\u011fi ileri s\u00fcr\u00fcl\u00fcyorsa yaln\u0131z benzerlik g\u00f6stermek yetmez; hangi unsurun \u00f6nce ortaya \u00e7\u0131kt\u0131\u011f\u0131, nas\u0131l kullan\u0131ld\u0131\u011f\u0131 ve hangi kay\u0131t zincirine sahip oldu\u011fu da g\u00f6sterilmeli.<\/p>\n","protected":false},"author":1,"featured_media":0,"comment_status":"closed","ping_status":"closed","sticky":true,"template":"","format":"standard","meta":{"footnotes":""},"categories":[1],"tags":[],"class_list":["post-3243","post","type-post","status-publish","format-standard","hentry","category-uncategorized"],"blocksy_meta":{"styles_descriptor":{"styles":{"desktop":"","tablet":"","mobile":""},"google_fonts":[],"version":7}},"_links":{"self":[{"href":"https:\/\/mansetatlas.com\/index.php\/wp-json\/wp\/v2\/posts\/3243","targetHints":{"allow":["GET"]}}],"collection":[{"href":"https:\/\/mansetatlas.com\/index.php\/wp-json\/wp\/v2\/posts"}],"about":[{"href":"https:\/\/mansetatlas.com\/index.php\/wp-json\/wp\/v2\/types\/post"}],"author":[{"embeddable":true,"href":"https:\/\/mansetatlas.com\/index.php\/wp-json\/wp\/v2\/users\/1"}],"replies":[{"embeddable":true,"href":"https:\/\/mansetatlas.com\/index.php\/wp-json\/wp\/v2\/comments?post=3243"}],"version-history":[{"count":0,"href":"https:\/\/mansetatlas.com\/index.php\/wp-json\/wp\/v2\/posts\/3243\/revisions"}],"wp:attachment":[{"href":"https:\/\/mansetatlas.com\/index.php\/wp-json\/wp\/v2\/media?parent=3243"}],"wp:term":[{"taxonomy":"category","embeddable":true,"href":"https:\/\/mansetatlas.com\/index.php\/wp-json\/wp\/v2\/categories?post=3243"},{"taxonomy":"post_tag","embeddable":true,"href":"https:\/\/mansetatlas.com\/index.php\/wp-json\/wp\/v2\/tags?post=3243"}],"curies":[{"name":"wp","href":"https:\/\/api.w.org\/{rel}","templated":true}]}}