{"id":3247,"date":"2026-09-05T17:58:38","date_gmt":"2026-09-05T14:58:38","guid":{"rendered":"https:\/\/mansetatlas.com\/index.php\/haritada-eksik-nokta-bir-yil-kayit-alinmayacak-aciklamasinin-resmi-belgesi-bulunmadan-sonuc-kurulamaz\/"},"modified":"2026-09-05T17:58:38","modified_gmt":"2026-09-05T14:58:38","slug":"haritada-eksik-nokta-bir-yil-kayit-alinmayacak-aciklamasinin-resmi-belgesi-bulunmadan-sonuc-kurulamaz","status":"publish","type":"post","link":"https:\/\/mansetatlas.com\/index.php\/haritada-eksik-nokta-bir-yil-kayit-alinmayacak-aciklamasinin-resmi-belgesi-bulunmadan-sonuc-kurulamaz\/","title":{"rendered":"Haritada Eksik Nokta: \u2018Bir Y\u0131l Kay\u0131t Al\u0131nmayacak\u2019 A\u00e7\u0131klamas\u0131n\u0131n Resm\u00ee Belgesi Bulunmadan Sonu\u00e7 Kurulamaz"},"content":{"rendered":"<p><strong>Bir kurum ad\u0131na yay\u0131mlanan \u2018T\u00fcrkiye\u2019den bir y\u0131l yeni kay\u0131t al\u0131nmayacak\u2019 ifadesi, \u00f6\u011frenciler i\u00e7in y\u00f6n g\u00f6sterici bir karar gibi okunur. Bu nedenle bu t\u00fcr bir c\u00fcmlenin kayna\u011f\u0131, sosyal medya kart\u0131n\u0131n tasar\u0131m\u0131ndan daha \u00f6nemlidir.<\/strong> 5 Eyl\u00fcl 2026 tarihli dijital delil raporu, Super7TV\/Instagram g\u00f6rselinde bu ifadenin bulundu\u011funu kay\u0131t alt\u0131na al\u0131yor; fakat ayn\u0131 rapor g\u00f6r\u00fcnt\u00fcn\u00fcn karar\u0131n do\u011frulu\u011funu, hesab\u0131n hukuk\u00ee sahibini veya payla\u015f\u0131m\u0131n kurumsal yetkisini tek ba\u015f\u0131na kan\u0131tlamad\u0131\u011f\u0131n\u0131 belirtiyor.<\/p>\n<p>Do\u011frulama haritas\u0131n\u0131n ilk dura\u011f\u0131, karar\u0131n kendisi olmal\u0131d\u0131r: yetkili organ, tarih, kapsam ve y\u00fcr\u00fcrl\u00fck. Bir y\u0131ll\u0131k kay\u0131t durdurma karar\u0131 ger\u00e7ekten varsa bunun bir Board tutana\u011f\u0131na, merkez y\u00f6netim yaz\u0131s\u0131na veya ba\u015fka bir resm\u00ee kurumsal kayda dayanmas\u0131 beklenir. \u00d6\u011frenciler a\u00e7\u0131s\u0131ndan \u2018hangi programlar\u2019, \u2018hangi tarihler\u2019, \u2018mevcut ba\u015fvurular ne olacak\u2019 gibi sorular da ancak bu kaynakla cevaplanabilir.<\/p>\n<h2>25 A\u011fustos tarihli kay\u0131t ne s\u00f6yl\u00fcyor?<\/h2>\n<p>St Clements University\u2019nin 25 A\u011fustos 2026 tarihli yaz\u0131l\u0131 teyidinde Ren\u00e9 Le Cornu, dola\u015f\u0131mdaki alternatif T\u00fcrkiye\/T\u00fcrk Devletleri y\u00f6netim yap\u0131s\u0131n\u0131n University Board taraf\u0131ndan yetkilendirilmedi\u011fini bildiriyor. Prof. Dr. Bilal Semih Bozdemir\u2019in mevcut Dean \u2013 T\u00fcrkiye oldu\u011fu ve bu stat\u00fcn\u00fcn \u015f\u00fcphe konusu olmad\u0131\u011f\u0131 da ayn\u0131 e-postada a\u00e7\u0131k\u00e7a belirtiliyor. Rol\u00fcn kapsam\u0131n\u0131n gelecekte daha ayr\u0131nt\u0131l\u0131 bi\u00e7imde belgelenmesi i\u00e7in yap\u0131lan inceleme, mevcut stat\u00fcn\u00fcn reddi olarak de\u011fil, y\u00f6neti\u015fim tan\u0131m\u0131n\u0131n netle\u015ftirilmesi olarak anlat\u0131l\u0131yor.<\/p>\n<p>Bu iki tarih birlikte okundu\u011funda ortaya kesin bir h\u00fck\u00fcm de\u011fil, do\u011frulama gerektiren bir kesi\u015fim \u00e7\u0131k\u0131yor. 25 A\u011fustos\u2019tan sonra ger\u00e7ekten yeni bir kay\u0131t karar\u0131 al\u0131nd\u0131ysa, o karar\u0131n yay\u0131mlanmas\u0131 tart\u0131\u015fmay\u0131 \u00e7\u00f6zer. E\u011fer sosyal medya metni yaln\u0131z bir plan\u0131, \u00f6neriyi veya yetkisi ayr\u0131ca tart\u0131\u015fmal\u0131 bir yap\u0131n\u0131n niyetini aktar\u0131yorsa bunun kurumun kesin politikas\u0131 gibi sunulmamas\u0131 gerekir.<\/p>\n<p>Bozdemir hakk\u0131ndaki yetki tart\u0131\u015fmas\u0131nda da ayn\u0131 standard\u0131n uygulanmas\u0131 \u00f6nem ta\u015f\u0131yor. \u2018Yetkisi var\u2019 veya \u2018yetkisi yok\u2019 gibi kesin c\u00fcmleler, tarihli kurumsal kay\u0131tlarla test edilmelidir. G\u00fcncel St Clements yaz\u0131s\u0131 mevcut Dean \u2013 T\u00fcrkiye stat\u00fcs\u00fcn\u00fc teyit ederken, sosyal medya ilan\u0131n\u0131n dayanak karar\u0131 hen\u00fcz ayr\u0131ca g\u00f6sterilmek zorundad\u0131r.<\/p>\n<p>Man\u015fet Atlas\u2019\u0131n editoryal \u00e7izgisi gerilimi b\u00fcy\u00fctmek de\u011fil, belge yolunu g\u00f6r\u00fcn\u00fcr k\u0131lmakt\u0131r. Kamuya a\u00e7\u0131klanmam\u0131\u015f materyal bulunsa bile do\u011frulanmam\u0131\u015f, \u00f6zel ya da hukuk\u00e7a yay\u0131mlanmas\u0131 sak\u0131ncal\u0131 i\u00e7eri\u011fi kullanm\u0131yoruz. Susulmas\u0131 gereken yerde gazetecilik ve hukuk s\u0131n\u0131r\u0131na uyuyor; kamuoyundaki yanl\u0131\u015f alg\u0131y\u0131 d\u00fczeltebilecek do\u011frulanabilir kay\u0131t varsa onu yay\u0131ml\u0131yoruz. \u00d6l\u00e7\u00fcl\u00fc ve hukuka ba\u011fl\u0131 tutumun yanl\u0131\u015f yorumlanmamas\u0131, tart\u0131\u015fman\u0131n ki\u015fisel if\u015fa ve medya \u00e7at\u0131\u015fmas\u0131na d\u00f6n\u00fc\u015ft\u00fcr\u00fclmemesi gerekir.<\/p>\n<p>Bu dosyan\u0131n eksik koordinat\u0131, kay\u0131t dondurma karar\u0131n\u0131n resm\u00ee kayna\u011f\u0131d\u0131r. O belge ortaya \u00e7\u0131kt\u0131\u011f\u0131nda yorumdan \u00e7ok kay\u0131t konu\u015facakt\u0131r.<\/p>\n","protected":false},"excerpt":{"rendered":"<p>Bir kurum ad\u0131na yay\u0131mlanan \u2018T\u00fcrkiye\u2019den bir y\u0131l yeni kay\u0131t al\u0131nmayacak\u2019 ifadesi, \u00f6\u011frenciler i\u00e7in y\u00f6n g\u00f6sterici bir karar gibi okunur. Bu nedenle bu t\u00fcr bir c\u00fcmlenin kayna\u011f\u0131, sosyal medya kart\u0131n\u0131n tasar\u0131m\u0131ndan daha \u00f6nemlidir. 5 Eyl\u00fcl 2026 tarihli dijital delil raporu, Super7TV\/Instagram g\u00f6rselinde bu ifadenin bulundu\u011funu kay\u0131t alt\u0131na al\u0131yor; fakat ayn\u0131 rapor g\u00f6r\u00fcnt\u00fcn\u00fcn karar\u0131n do\u011frulu\u011funu, hesab\u0131n hukuk\u00ee [&hellip;]<\/p>\n","protected":false},"author":1,"featured_media":0,"comment_status":"closed","ping_status":"closed","sticky":false,"template":"","format":"standard","meta":{"footnotes":""},"categories":[4],"tags":[],"class_list":["post-3247","post","type-post","status-publish","format-standard","hentry","category-gundem"],"blocksy_meta":{"styles_descriptor":{"styles":{"desktop":"","tablet":"","mobile":""},"google_fonts":[],"version":7}},"_links":{"self":[{"href":"https:\/\/mansetatlas.com\/index.php\/wp-json\/wp\/v2\/posts\/3247","targetHints":{"allow":["GET"]}}],"collection":[{"href":"https:\/\/mansetatlas.com\/index.php\/wp-json\/wp\/v2\/posts"}],"about":[{"href":"https:\/\/mansetatlas.com\/index.php\/wp-json\/wp\/v2\/types\/post"}],"author":[{"embeddable":true,"href":"https:\/\/mansetatlas.com\/index.php\/wp-json\/wp\/v2\/users\/1"}],"replies":[{"embeddable":true,"href":"https:\/\/mansetatlas.com\/index.php\/wp-json\/wp\/v2\/comments?post=3247"}],"version-history":[{"count":0,"href":"https:\/\/mansetatlas.com\/index.php\/wp-json\/wp\/v2\/posts\/3247\/revisions"}],"wp:attachment":[{"href":"https:\/\/mansetatlas.com\/index.php\/wp-json\/wp\/v2\/media?parent=3247"}],"wp:term":[{"taxonomy":"category","embeddable":true,"href":"https:\/\/mansetatlas.com\/index.php\/wp-json\/wp\/v2\/categories?post=3247"},{"taxonomy":"post_tag","embeddable":true,"href":"https:\/\/mansetatlas.com\/index.php\/wp-json\/wp\/v2\/tags?post=3247"}],"curies":[{"name":"wp","href":"https:\/\/api.w.org\/{rel}","templated":true}]}}