{"id":3341,"date":"2026-09-06T10:57:25","date_gmt":"2026-09-06T07:57:25","guid":{"rendered":"https:\/\/mansetatlas.com\/index.php\/iranda-ekonomik-savas-karargahi-kuruldu\/"},"modified":"2026-09-06T10:57:25","modified_gmt":"2026-09-06T07:57:25","slug":"iranda-ekonomik-savas-karargahi-kuruldu","status":"publish","type":"post","link":"https:\/\/mansetatlas.com\/index.php\/iranda-ekonomik-savas-karargahi-kuruldu\/","title":{"rendered":"\u0130ran&#039;da Ekonomik Sava\u015f Karargah\u0131 kuruldu"},"content":{"rendered":"<p>\u0130ran Ekonomi Bakan Yard\u0131mc\u0131s\u0131 Murteza Zemaniyan, sava\u015f ko\u015fullar\u0131n\u0131n yol a\u00e7t\u0131\u011f\u0131 sorunlara h\u0131zl\u0131 \u00e7\u00f6z\u00fcm \u00fcretmek amac\u0131yla Ekonomi Bakanl\u0131\u011f\u0131 b\u00fcnyesinde &quot;Ekonomik Sava\u015f Karargah\u0131&quot; kuruldu\u011funu bildirdi.<\/p>\n<p><strong>Kaynak:<\/strong> TRT Haber \u2014 <a href=\"https:\/\/www.trthaber.com\/haber\/dunya\/iranda-ekonomik-savas-karargahi-kuruldu-956031.html\" target=\"_blank\" rel=\"nofollow noopener\">Haberin devam\u0131n\u0131 \u00f6zg\u00fcn kayna\u011f\u0131nda oku<\/a><\/p>\n","protected":false},"excerpt":{"rendered":"<p>\u0130ran Ekonomi Bakan Yard\u0131mc\u0131s\u0131 Murteza Zemaniyan, sava\u015f ko\u015fullar\u0131n\u0131n yol a\u00e7t\u0131\u011f\u0131 sorunlara h\u0131zl\u0131 \u00e7\u00f6z\u00fcm \u00fcretmek amac\u0131yla Ekonomi Bakanl\u0131\u011f\u0131 b\u00fcnyesinde &#8220;Ekonomik Sava\u015f Karargah\u0131&#8221; kuruldu\u011funu bildirdi.<\/p>\n","protected":false},"author":1,"featured_media":3342,"comment_status":"closed","ping_status":"closed","sticky":false,"template":"","format":"standard","meta":{"footnotes":""},"categories":[6,27],"tags":[],"class_list":["post-3341","post","type-post","status-publish","format-standard","has-post-thumbnail","hentry","category-dunya","category-piyasalar"],"blocksy_meta":{"styles_descriptor":{"styles":{"desktop":"","tablet":"","mobile":""},"google_fonts":[],"version":7}},"_links":{"self":[{"href":"https:\/\/mansetatlas.com\/index.php\/wp-json\/wp\/v2\/posts\/3341","targetHints":{"allow":["GET"]}}],"collection":[{"href":"https:\/\/mansetatlas.com\/index.php\/wp-json\/wp\/v2\/posts"}],"about":[{"href":"https:\/\/mansetatlas.com\/index.php\/wp-json\/wp\/v2\/types\/post"}],"author":[{"embeddable":true,"href":"https:\/\/mansetatlas.com\/index.php\/wp-json\/wp\/v2\/users\/1"}],"replies":[{"embeddable":true,"href":"https:\/\/mansetatlas.com\/index.php\/wp-json\/wp\/v2\/comments?post=3341"}],"version-history":[{"count":0,"href":"https:\/\/mansetatlas.com\/index.php\/wp-json\/wp\/v2\/posts\/3341\/revisions"}],"wp:featuredmedia":[{"embeddable":true,"href":"https:\/\/mansetatlas.com\/index.php\/wp-json\/wp\/v2\/media\/3342"}],"wp:attachment":[{"href":"https:\/\/mansetatlas.com\/index.php\/wp-json\/wp\/v2\/media?parent=3341"}],"wp:term":[{"taxonomy":"category","embeddable":true,"href":"https:\/\/mansetatlas.com\/index.php\/wp-json\/wp\/v2\/categories?post=3341"},{"taxonomy":"post_tag","embeddable":true,"href":"https:\/\/mansetatlas.com\/index.php\/wp-json\/wp\/v2\/tags?post=3341"}],"curies":[{"name":"wp","href":"https:\/\/api.w.org\/{rel}","templated":true}]}}